{"id":3755,"date":"2020-12-12T19:06:52","date_gmt":"2020-12-12T18:06:52","guid":{"rendered":"http:\/\/agora.xtec.cat\/ceip-molidevent\/?p=3755"},"modified":"2021-10-15T16:12:15","modified_gmt":"2021-10-15T14:12:15","slug":"ha-arribat-nadal-al-moli-de-vent","status":"publish","type":"post","link":"https:\/\/agora.xtec.cat\/ceip-molidevent\/general\/ha-arribat-nadal-al-moli-de-vent\/","title":{"rendered":"Ha arribat Nadal al Mol\u00ed de Vent"},"content":{"rendered":"<p>Aquesta setmana hem comen\u00e7at a celebrar Nadal a l&#8217;escola.<a href=\"https:\/\/agora.xtec.cat\/ceip-molidevent\/wp-content\/uploads\/usu1187\/2020\/12\/0CC80B29-126A-4BC6-BBEB-C5F6760A0148.jpeg\"><img loading=\"lazy\" decoding=\"async\" class=\"alignright wp-image-3758\" src=\"https:\/\/agora.xtec.cat\/ceip-molidevent\/wp-content\/uploads\/usu1187\/2020\/12\/0CC80B29-126A-4BC6-BBEB-C5F6760A0148.jpeg\" alt=\"\" width=\"449\" height=\"450\" srcset=\"https:\/\/agora.xtec.cat\/ceip-molidevent\/wp-content\/uploads\/usu1187\/2020\/12\/0CC80B29-126A-4BC6-BBEB-C5F6760A0148.jpeg 521w, https:\/\/agora.xtec.cat\/ceip-molidevent\/wp-content\/uploads\/usu1187\/2020\/12\/0CC80B29-126A-4BC6-BBEB-C5F6760A0148-150x150.jpeg 150w, https:\/\/agora.xtec.cat\/ceip-molidevent\/wp-content\/uploads\/usu1187\/2020\/12\/0CC80B29-126A-4BC6-BBEB-C5F6760A0148-300x300.jpeg 300w\" sizes=\"auto, (max-width: 449px) 100vw, 449px\" \/><\/a><\/p>\n<p>Per un costat\u00a0 els alumnes estan preparant la can\u00e7\u00f3 de Nadal, els poemes, felicitacions&#8230;..<\/p>\n<p>Tamb\u00e9 ha arribat el Ti\u00f3 de la m\u00e0 d&#8217;un llenyataire molt amable i simp\u00e0tic que els va transportar des de les muntanyes. Els farem cagar els pr\u00f2xims dies.<\/p>\n<p>A m\u00e9s les fam\u00edlies (gr\u00e0cies!!!!) han col\u00b7laborat amb tota classe de guarniments nadalencs i el porxo del vest\u00edbul i les tanques ha quedat precioses.<\/p>\n<p>Per \u00faltim recordar que tamb\u00e9 hem engegat les <span style=\"color: #ff0000;\"><strong>accions solid\u00e0ries<\/strong><\/span> que fem cada any per aquestes dates:<\/p>\n<ul>\n<li>Col\u00b7laboraci\u00f3 amb <em><strong><a href=\"https:\/\/www.ccma.cat\/tv3\/marato\/2020\/250\/\" target=\"_blank\" rel=\"noopener noreferrer\">La Marat\u00f3 de TV3<\/a>. <\/strong><\/em>La recollida dels donatius ser\u00e0 per la lluita contra la Covid-19. Tindr\u00e0 un altre format, ja que no es poden fer els concerts de Nadal.<\/li>\n<li>Recollida d&#8217;aliments per a <em><strong>C\u00e0rites de Torredembarra<\/strong><\/em>.<\/li>\n<li><strong><em>Projecte Fundaci\u00f3 Pere Badia. <\/em><\/strong>Aquest curs farem arribar un v\u00eddeo als nostres avis i \u00e0vies de la Fundaci\u00f3 per felicitar-los i tamb\u00e9, com sempre, els hem fet un regalet per cadascun d&#8217;ells.<\/li>\n<\/ul>\n<p>Com heu pogut llegir, a la nostra escola Nadal \u00e9s cosa de tots i totes. De nou mil gr\u00e0cies a les fam\u00edlies.<\/p>\n<p><a href=\"https:\/\/agora.xtec.cat\/ceip-molidevent\/wp-content\/uploads\/usu1187\/2020\/12\/0CC80B29-126A-4BC6-BBEB-C5F6760A0148.jpeg\">\u00a0<\/a><\/p>\n","protected":false},"excerpt":{"rendered":"<p>Aquesta setmana hem comen\u00e7at a celebrar Nadal a l&#8217;escola.<a href=\"https:\/\/agora.xtec.cat\/ceip-molidevent\/wp-content\/uploads\/usu1187\/2020\/12\/0CC80B29-126A-4BC6-BBEB-C5F6760A0148.jpeg\"><\/a><br \/>\nPer un costat\u00a0 els alumnes estan preparant la can\u00e7\u00f3 de Nadal, els poemes, felicitacions&#8230;..<br \/>\nTamb\u00e9 ha arribat el Ti\u00f3 de la m\u00e0 d&#8217;un llenyataire molt amable i simp\u00e0tic que els va transportar des de les muntanyes. Els&hellip;  <a href=\"https:\/\/agora.xtec.cat\/ceip-molidevent\/general\/ha-arribat-nadal-al-moli-de-vent\/\" title=\"Read Ha arribat Nadal al Mol\u00ed de Vent\">Llegeix m\u00e9s\u00bb<\/a><\/p>\n","protected":false},"author":1,"featured_media":0,"comment_status":"closed","ping_status":"closed","sticky":false,"template":"","format":"standard","meta":{"_bbp_topic_count":0,"_bbp_reply_count":0,"_bbp_total_topic_count":0,"_bbp_total_reply_count":0,"_bbp_voice_count":0,"_bbp_anonymous_reply_count":0,"_bbp_topic_count_hidden":0,"_bbp_reply_count_hidden":0,"_bbp_forum_subforum_count":0,"footnotes":""},"categories":[125,99,1,2,5],"tags":[],"class_list":["post-3755","post","type-post","status-publish","format-standard","hentry","category-20-21","category-festes","category-general","category-infantil","category-primaria"],"post_mailing_queue_ids":[],"_links":{"self":[{"href":"https:\/\/agora.xtec.cat\/ceip-molidevent\/wp-json\/wp\/v2\/posts\/3755","targetHints":{"allow":["GET"]}}],"collection":[{"href":"https:\/\/agora.xtec.cat\/ceip-molidevent\/wp-json\/wp\/v2\/posts"}],"about":[{"href":"https:\/\/agora.xtec.cat\/ceip-molidevent\/wp-json\/wp\/v2\/types\/post"}],"author":[{"embeddable":true,"href":"https:\/\/agora.xtec.cat\/ceip-molidevent\/wp-json\/wp\/v2\/users\/1"}],"replies":[{"embeddable":true,"href":"https:\/\/agora.xtec.cat\/ceip-molidevent\/wp-json\/wp\/v2\/comments?post=3755"}],"version-history":[{"count":3,"href":"https:\/\/agora.xtec.cat\/ceip-molidevent\/wp-json\/wp\/v2\/posts\/3755\/revisions"}],"predecessor-version":[{"id":3760,"href":"https:\/\/agora.xtec.cat\/ceip-molidevent\/wp-json\/wp\/v2\/posts\/3755\/revisions\/3760"}],"wp:attachment":[{"href":"https:\/\/agora.xtec.cat\/ceip-molidevent\/wp-json\/wp\/v2\/media?parent=3755"}],"wp:term":[{"taxonomy":"category","embeddable":true,"href":"https:\/\/agora.xtec.cat\/ceip-molidevent\/wp-json\/wp\/v2\/categories?post=3755"},{"taxonomy":"post_tag","embeddable":true,"href":"https:\/\/agora.xtec.cat\/ceip-molidevent\/wp-json\/wp\/v2\/tags?post=3755"}],"curies":[{"name":"wp","href":"https:\/\/api.w.org\/{rel}","templated":true}]}}