{"id":3747,"date":"2020-11-20T19:16:21","date_gmt":"2020-11-20T18:16:21","guid":{"rendered":"http:\/\/agora.xtec.cat\/ceip-molidevent\/?p=3747"},"modified":"2021-10-15T16:12:33","modified_gmt":"2021-10-15T14:12:33","slug":"dia-mundial-de-la-infancia","status":"publish","type":"post","link":"https:\/\/agora.xtec.cat\/ceip-molidevent\/general\/dia-mundial-de-la-infancia\/","title":{"rendered":"Dia Mundial de la Inf\u00e0ncia"},"content":{"rendered":"<p>Avui 20 de novembre se celebra el dia mundial de la inf\u00e0ncia. \u00c9s la data que l\u2019Assemblea\u00a0General de l\u2019ONU, l&#8217;any 1959, va aprovar la Declaraci\u00f3 dels Drets dels Infants.<br \/>\nA la nostra escola ho volem recordar amb un mural que hem penjat al vest\u00edbul.<br \/>\n<img loading=\"lazy\" decoding=\"async\" class=\"alignright wp-image-3749\" src=\"https:\/\/agora.xtec.cat\/ceip-molidevent\/wp-content\/uploads\/usu1187\/2020\/11\/Captura-1.png\" alt=\"\" width=\"606\" height=\"431\" srcset=\"https:\/\/agora.xtec.cat\/ceip-molidevent\/wp-content\/uploads\/usu1187\/2020\/11\/Captura-1.png 822w, https:\/\/agora.xtec.cat\/ceip-molidevent\/wp-content\/uploads\/usu1187\/2020\/11\/Captura-1-300x213.png 300w, https:\/\/agora.xtec.cat\/ceip-molidevent\/wp-content\/uploads\/usu1187\/2020\/11\/Captura-1-768x546.png 768w\" sizes=\"auto, (max-width: 606px) 100vw, 606px\" \/><\/p>\n<p>Aquest curs, de manera especial, volem fer-los expl\u00edcits per poder reflexionar sobre la seva import\u00e0ncia i necessitat.<\/p>\n<p>Els nostres infants van passar uns mesos sense poder anar a l\u2019escola, sense veure als seus amics i amigues, als seus avis i avies; sense gaudir del joc a l\u2019aire lliure, als parcs infantils, a la platja, a la muntanya; sense fer esport; sense poder cantar i ballar; alguns van tenir dificultat per tenir un plat de menjar calent a taula.<\/p>\n<p>No volem deixar de recordar que segons un estudi d\u2019UNICEF de l\u2019any 2018, uns 303 milions d\u2019infants i adolescents no van a l\u2019escola per raons alienes a ells i, d&#8217;altres, per poder-hi assistir, cada dia recorren desenes de quil\u00f2metres per camins llargs i perillosos. Malgrat les adversitats, les inclem\u00e8ncies del temps o una geografia descoratjadora, l&#8217;objectiu s&#8217;ho val. Com va dir Nelson Mandela,\u00a0\u00a0<b>l&#8217;educaci\u00f3 \u00e9s l&#8217;arma m\u00e9s poderosa per canviar el m\u00f3n.<\/b><\/p>\n<p>Us deixem aqu\u00ed un enlla\u00e7 on trobareu v\u00eddeos sobre aquests herois i un altre del programa especial de l\u2019InfoK que es va emetre el dia 19 de novembre.<\/p>\n<p><a href=\"https:\/\/www.ccma.cat\/tv3\/super3\/infok\/especial-drets-dels-nens\/video\/6070137\/\"><img loading=\"lazy\" decoding=\"async\" class=\"wp-image-3750 alignleft\" src=\"https:\/\/agora.xtec.cat\/ceip-molidevent\/wp-content\/uploads\/usu1187\/2020\/11\/descarga.jpg\" alt=\"\" width=\"170\" height=\"122\" \/><\/a><\/p>\n<blockquote class=\"wp-embedded-content\" data-secret=\"JkIvJ2kTcK\"><p><a href=\"https:\/\/natibergada.cat\/10-videos-infal%c2%b7libles-per-ensenyar-a-valorar-lescola\/\">10 v\u00eddeos per ensenyar a valorar l&#8217;escola<\/a><\/p><\/blockquote>\n<p><iframe loading=\"lazy\" class=\"wp-embedded-content\" sandbox=\"allow-scripts\" security=\"restricted\" style=\"position: absolute; clip: rect(1px, 1px, 1px, 1px);\" title=\"&#8220;10 v\u00eddeos per ensenyar a valorar l&#8217;escola&#8221; &#8212; Nati Bergad\u00e0\" src=\"https:\/\/natibergada.cat\/10-videos-infal%c2%b7libles-per-ensenyar-a-valorar-lescola\/embed\/#?secret=MqrPedpYBe#?secret=JkIvJ2kTcK\" data-secret=\"JkIvJ2kTcK\" width=\"500\" height=\"282\" frameborder=\"0\" marginwidth=\"0\" marginheight=\"0\" scrolling=\"no\"><\/iframe><\/p>\n","protected":false},"excerpt":{"rendered":"<p>Avui 20 de novembre se celebra el dia mundial de la inf\u00e0ncia. \u00c9s la data que l\u2019Assemblea\u00a0General de l\u2019ONU, l&#8217;any 1959, va aprovar la Declaraci\u00f3 dels Drets dels Infants.<br \/>\nA la nostra escola ho volem recordar amb un mural que hem penjat al vest\u00edbul.<\/p>\n<p>Aquest curs, de&hellip;  <a href=\"https:\/\/agora.xtec.cat\/ceip-molidevent\/general\/dia-mundial-de-la-infancia\/\" title=\"Read Dia Mundial de la Inf\u00e0ncia\">Llegeix m\u00e9s\u00bb<\/a><\/p>\n","protected":false},"author":1,"featured_media":0,"comment_status":"closed","ping_status":"closed","sticky":false,"template":"","format":"standard","meta":{"_bbp_topic_count":0,"_bbp_reply_count":0,"_bbp_total_topic_count":0,"_bbp_total_reply_count":0,"_bbp_voice_count":0,"_bbp_anonymous_reply_count":0,"_bbp_topic_count_hidden":0,"_bbp_reply_count_hidden":0,"_bbp_forum_subforum_count":0,"footnotes":""},"categories":[125,1,2,5],"tags":[],"class_list":["post-3747","post","type-post","status-publish","format-standard","hentry","category-20-21","category-general","category-infantil","category-primaria"],"post_mailing_queue_ids":[],"_links":{"self":[{"href":"https:\/\/agora.xtec.cat\/ceip-molidevent\/wp-json\/wp\/v2\/posts\/3747","targetHints":{"allow":["GET"]}}],"collection":[{"href":"https:\/\/agora.xtec.cat\/ceip-molidevent\/wp-json\/wp\/v2\/posts"}],"about":[{"href":"https:\/\/agora.xtec.cat\/ceip-molidevent\/wp-json\/wp\/v2\/types\/post"}],"author":[{"embeddable":true,"href":"https:\/\/agora.xtec.cat\/ceip-molidevent\/wp-json\/wp\/v2\/users\/1"}],"replies":[{"embeddable":true,"href":"https:\/\/agora.xtec.cat\/ceip-molidevent\/wp-json\/wp\/v2\/comments?post=3747"}],"version-history":[{"count":3,"href":"https:\/\/agora.xtec.cat\/ceip-molidevent\/wp-json\/wp\/v2\/posts\/3747\/revisions"}],"predecessor-version":[{"id":3752,"href":"https:\/\/agora.xtec.cat\/ceip-molidevent\/wp-json\/wp\/v2\/posts\/3747\/revisions\/3752"}],"wp:attachment":[{"href":"https:\/\/agora.xtec.cat\/ceip-molidevent\/wp-json\/wp\/v2\/media?parent=3747"}],"wp:term":[{"taxonomy":"category","embeddable":true,"href":"https:\/\/agora.xtec.cat\/ceip-molidevent\/wp-json\/wp\/v2\/categories?post=3747"},{"taxonomy":"post_tag","embeddable":true,"href":"https:\/\/agora.xtec.cat\/ceip-molidevent\/wp-json\/wp\/v2\/tags?post=3747"}],"curies":[{"name":"wp","href":"https:\/\/api.w.org\/{rel}","templated":true}]}}