{"id":3686,"date":"2020-09-25T15:44:27","date_gmt":"2020-09-25T13:44:27","guid":{"rendered":"http:\/\/agora.xtec.cat\/ceip-molidevent\/?p=3686"},"modified":"2021-01-15T15:29:24","modified_gmt":"2021-01-15T14:29:24","slug":"canal-salut-de-la-generalitat","status":"publish","type":"post","link":"https:\/\/agora.xtec.cat\/ceip-molidevent\/20-21\/canal-salut-de-la-generalitat\/","title":{"rendered":"Canal Salut de la Generalitat"},"content":{"rendered":"<p>Durant aquests mesos, el col\u00b7lectiu educatiu i el sanitari han treballat mesures que permeten l\u2019inici del curs de manera presencial i segura, tot adaptant-se a la situaci\u00f3 epidemiol\u00f2gica i als brots que es puguin produir en cada moment i territori. L&#8217;objectiu \u00e9s preservar l\u2019acc\u00e9s a l\u2019educaci\u00f3 i alhora protegir i tenir cura de la salut de tota la poblaci\u00f3.<\/p>\n<p><a href=\"https:\/\/canalsalut.gencat.cat\/ca\/salut-a-z\/c\/coronavirus-2019-ncov\/ciutadania\/salut-escola\/informacio-per-a-families\/\" target=\"_blank\" rel=\"noopener noreferrer\"><img loading=\"lazy\" decoding=\"async\" class=\"aligncenter size-full wp-image-3687\" src=\"https:\/\/agora.xtec.cat\/ceip-molidevent\/wp-content\/uploads\/usu1187\/2020\/09\/salut.png\" alt=\"\" width=\"747\" height=\"321\" srcset=\"https:\/\/agora.xtec.cat\/ceip-molidevent\/wp-content\/uploads\/usu1187\/2020\/09\/salut.png 747w, https:\/\/agora.xtec.cat\/ceip-molidevent\/wp-content\/uploads\/usu1187\/2020\/09\/salut-300x129.png 300w\" sizes=\"auto, (max-width: 747px) 100vw, 747px\" \/><\/a><\/p>\n","protected":false},"excerpt":{"rendered":"<p>Durant aquests mesos, el col\u00b7lectiu educatiu i el sanitari han treballat mesures que permeten l\u2019inici del curs de manera presencial i segura, tot adaptant-se a la situaci\u00f3 epidemiol\u00f2gica i als brots que es puguin produir en cada moment i territori. L&#8217;objectiu \u00e9s preservar l\u2019acc\u00e9s a&hellip;  <a href=\"https:\/\/agora.xtec.cat\/ceip-molidevent\/20-21\/canal-salut-de-la-generalitat\/\" title=\"Read Canal Salut de la Generalitat\">Llegeix m\u00e9s\u00bb<\/a><\/p>\n","protected":false},"author":1,"featured_media":0,"comment_status":"closed","ping_status":"closed","sticky":false,"template":"","format":"standard","meta":{"_bbp_topic_count":0,"_bbp_reply_count":0,"_bbp_total_topic_count":0,"_bbp_total_reply_count":0,"_bbp_voice_count":0,"_bbp_anonymous_reply_count":0,"_bbp_topic_count_hidden":0,"_bbp_reply_count_hidden":0,"_bbp_forum_subforum_count":0,"footnotes":""},"categories":[125,126],"tags":[],"class_list":["post-3686","post","type-post","status-publish","format-standard","hentry","category-20-21","category-canal-salut"],"post_mailing_queue_ids":[],"_links":{"self":[{"href":"https:\/\/agora.xtec.cat\/ceip-molidevent\/wp-json\/wp\/v2\/posts\/3686","targetHints":{"allow":["GET"]}}],"collection":[{"href":"https:\/\/agora.xtec.cat\/ceip-molidevent\/wp-json\/wp\/v2\/posts"}],"about":[{"href":"https:\/\/agora.xtec.cat\/ceip-molidevent\/wp-json\/wp\/v2\/types\/post"}],"author":[{"embeddable":true,"href":"https:\/\/agora.xtec.cat\/ceip-molidevent\/wp-json\/wp\/v2\/users\/1"}],"replies":[{"embeddable":true,"href":"https:\/\/agora.xtec.cat\/ceip-molidevent\/wp-json\/wp\/v2\/comments?post=3686"}],"version-history":[{"count":3,"href":"https:\/\/agora.xtec.cat\/ceip-molidevent\/wp-json\/wp\/v2\/posts\/3686\/revisions"}],"predecessor-version":[{"id":3770,"href":"https:\/\/agora.xtec.cat\/ceip-molidevent\/wp-json\/wp\/v2\/posts\/3686\/revisions\/3770"}],"wp:attachment":[{"href":"https:\/\/agora.xtec.cat\/ceip-molidevent\/wp-json\/wp\/v2\/media?parent=3686"}],"wp:term":[{"taxonomy":"category","embeddable":true,"href":"https:\/\/agora.xtec.cat\/ceip-molidevent\/wp-json\/wp\/v2\/categories?post=3686"},{"taxonomy":"post_tag","embeddable":true,"href":"https:\/\/agora.xtec.cat\/ceip-molidevent\/wp-json\/wp\/v2\/tags?post=3686"}],"curies":[{"name":"wp","href":"https:\/\/api.w.org\/{rel}","templated":true}]}}