{"id":3681,"date":"2020-09-25T15:35:58","date_gmt":"2020-09-25T13:35:58","guid":{"rendered":"http:\/\/agora.xtec.cat\/ceip-molidevent\/?p=3681"},"modified":"2021-10-15T16:12:48","modified_gmt":"2021-10-15T14:12:48","slug":"primera-quinzena-de-curs","status":"publish","type":"post","link":"https:\/\/agora.xtec.cat\/ceip-molidevent\/infantil\/primera-quinzena-de-curs\/","title":{"rendered":"PRIMERA QUINZENA DE CURS"},"content":{"rendered":"<p><img loading=\"lazy\" decoding=\"async\" class=\"size-full wp-image-3682\" src=\"https:\/\/agora.xtec.cat\/ceip-molidevent\/wp-content\/uploads\/usu1187\/2020\/09\/utiles-escolares-vista-arriba-pizarra_73683-2216.jpg\" alt=\"\" width=\"626\" height=\"240\" srcset=\"https:\/\/agora.xtec.cat\/ceip-molidevent\/wp-content\/uploads\/usu1187\/2020\/09\/utiles-escolares-vista-arriba-pizarra_73683-2216.jpg 626w, https:\/\/agora.xtec.cat\/ceip-molidevent\/wp-content\/uploads\/usu1187\/2020\/09\/utiles-escolares-vista-arriba-pizarra_73683-2216-300x115.jpg 300w\" sizes=\"auto, (max-width: 626px) 100vw, 626px\" \/><\/p>\n<p>Despr\u00e9s del confinament i de les vacances del per\u00edode estival, hem posat en marxa un nou curs escolar totalment at\u00edpic amb un organitzaci\u00f3 molt diferent a la de costum.<\/p>\n<p>La gesti\u00f3 de l\u2019aula, de l\u2019estona d\u2019esbarjo, del menjador, de les entrades i sortides&#8230; s\u2019han adaptat a les rutines i actuacions que cal fer per preservar la salut seguint les consignes sanit\u00e0ries.<\/p>\n<p>Tot plegat un gran repte del que, passada aquesta primera quinzena, en fem una valoraci\u00f3 positiva.<\/p>\n<p>Per part dels <strong>docents<\/strong>, l\u2019esfor\u00e7 ha anat encaminat a garantir l\u2019educaci\u00f3 i l\u2019acompanyament de l\u2019alumnat i les seves fam\u00edlies en aquesta tornada a l\u2019escola despr\u00e9s de tant de temps.<\/p>\n<p>Les <strong>fam\u00edlies<\/strong> han col\u00b7laborat seguint les pautes que s\u2019han anat donant per facilitar als infants l\u2019adaptaci\u00f3 a les noves rutines.<\/p>\n<p>Els <strong>infants<\/strong>, un cop m\u00e9s, ens han donat una lli\u00e7\u00f3 de la seva capacitat per fer front a les adversitats i als canvis. Tamb\u00e9 ens han mostrat les ganes que tenien de tornar a l\u2019escola.<\/p>\n<p>Que aquesta aventura que acabem d\u2019encetar ens reporti molts aprenentatges i bones estones i que ens tinguem els uns als altres per gaudir-ne i, si \u00e9s el cas, fer front als petits ensurts.<\/p>\n<p>Junts millor!<\/p>\n","protected":false},"excerpt":{"rendered":"<p>Despr\u00e9s del confinament i de les vacances del per\u00edode estival, hem posat en marxa un nou curs escolar totalment at\u00edpic amb un organitzaci\u00f3 molt diferent a la de costum.<br \/>\nLa gesti\u00f3 de l\u2019aula, de l\u2019estona d\u2019esbarjo, del menjador, de les entrades i sortides&#8230; s\u2019han adaptat a&hellip;  <a href=\"https:\/\/agora.xtec.cat\/ceip-molidevent\/infantil\/primera-quinzena-de-curs\/\" title=\"Read PRIMERA QUINZENA DE CURS\">Llegeix m\u00e9s\u00bb<\/a><\/p>\n","protected":false},"author":1,"featured_media":0,"comment_status":"closed","ping_status":"closed","sticky":false,"template":"","format":"standard","meta":{"_bbp_topic_count":0,"_bbp_reply_count":0,"_bbp_total_topic_count":0,"_bbp_total_reply_count":0,"_bbp_voice_count":0,"_bbp_anonymous_reply_count":0,"_bbp_topic_count_hidden":0,"_bbp_reply_count_hidden":0,"_bbp_forum_subforum_count":0,"footnotes":""},"categories":[125,2,5],"tags":[],"class_list":["post-3681","post","type-post","status-publish","format-standard","hentry","category-20-21","category-infantil","category-primaria"],"post_mailing_queue_ids":[],"_links":{"self":[{"href":"https:\/\/agora.xtec.cat\/ceip-molidevent\/wp-json\/wp\/v2\/posts\/3681","targetHints":{"allow":["GET"]}}],"collection":[{"href":"https:\/\/agora.xtec.cat\/ceip-molidevent\/wp-json\/wp\/v2\/posts"}],"about":[{"href":"https:\/\/agora.xtec.cat\/ceip-molidevent\/wp-json\/wp\/v2\/types\/post"}],"author":[{"embeddable":true,"href":"https:\/\/agora.xtec.cat\/ceip-molidevent\/wp-json\/wp\/v2\/users\/1"}],"replies":[{"embeddable":true,"href":"https:\/\/agora.xtec.cat\/ceip-molidevent\/wp-json\/wp\/v2\/comments?post=3681"}],"version-history":[{"count":2,"href":"https:\/\/agora.xtec.cat\/ceip-molidevent\/wp-json\/wp\/v2\/posts\/3681\/revisions"}],"predecessor-version":[{"id":3684,"href":"https:\/\/agora.xtec.cat\/ceip-molidevent\/wp-json\/wp\/v2\/posts\/3681\/revisions\/3684"}],"wp:attachment":[{"href":"https:\/\/agora.xtec.cat\/ceip-molidevent\/wp-json\/wp\/v2\/media?parent=3681"}],"wp:term":[{"taxonomy":"category","embeddable":true,"href":"https:\/\/agora.xtec.cat\/ceip-molidevent\/wp-json\/wp\/v2\/categories?post=3681"},{"taxonomy":"post_tag","embeddable":true,"href":"https:\/\/agora.xtec.cat\/ceip-molidevent\/wp-json\/wp\/v2\/tags?post=3681"}],"curies":[{"name":"wp","href":"https:\/\/api.w.org\/{rel}","templated":true}]}}