{"id":3614,"date":"2020-06-19T13:05:28","date_gmt":"2020-06-19T11:05:28","guid":{"rendered":"http:\/\/agora.xtec.cat\/ceip-molidevent\/?p=3614"},"modified":"2020-09-08T11:48:06","modified_gmt":"2020-09-08T09:48:06","slug":"final-del-curs-2019-20","status":"publish","type":"post","link":"https:\/\/agora.xtec.cat\/ceip-molidevent\/general\/final-del-curs-2019-20\/","title":{"rendered":"FINAL DEL CURS 2019-20"},"content":{"rendered":"<p>El 19 de juny acaba el curs escolar 2019-20.<br \/>\nAquest no ha estat un curs normal.<br \/>\nMalgrat les adversitats hem fet pinya per donar resposta a \u201cfer escola\u201d a casa. Gr\u00e0cies a tots els\/les docents, l\u2019alumnat i les fam\u00edlies hem demostrat que tot \u00e9s possible i que junts anem m\u00e9s lluny.<br \/>\nTanquem el curs amb la tradicional PEONADA, aquest cop VIRTUAL.<br \/>\nQue tingueu tots un bon estiu.<br \/>\nEns retrobem el setembre a L\u2019ESCOLA!<\/p>\n<p>Equip de Mestres i Personal PAS de l\u2019Escola Mol\u00ed de Vent<\/p>\n<p><iframe loading=\"lazy\" src=\"https:\/\/www.youtube.com\/embed\/GxBj0HdtXXI\" width=\"1280\" height=\"720\" frameborder=\"0\"><\/iframe><\/p>\n","protected":false},"excerpt":{"rendered":"<p>El 19 de juny acaba el curs escolar 2019-20.<br \/>\nAquest no ha estat un curs normal.<br \/>\nMalgrat les adversitats hem fet pinya per donar resposta a \u201cfer escola\u201d a casa. Gr\u00e0cies a tots els\/les docents, l\u2019alumnat i les fam\u00edlies hem demostrat que tot \u00e9s possible i que&hellip;  <a href=\"https:\/\/agora.xtec.cat\/ceip-molidevent\/general\/final-del-curs-2019-20\/\" title=\"Read FINAL DEL CURS 2019-20\">Llegeix m\u00e9s\u00bb<\/a><\/p>\n","protected":false},"author":1,"featured_media":3616,"comment_status":"closed","ping_status":"closed","sticky":false,"template":"","format":"standard","meta":{"_bbp_topic_count":0,"_bbp_reply_count":0,"_bbp_total_topic_count":0,"_bbp_total_reply_count":0,"_bbp_voice_count":0,"_bbp_anonymous_reply_count":0,"_bbp_topic_count_hidden":0,"_bbp_reply_count_hidden":0,"_bbp_forum_subforum_count":0,"footnotes":""},"categories":[116,114,99,1,2,5],"tags":[],"class_list":["post-3614","post","type-post","status-publish","format-standard","has-post-thumbnail","hentry","category-elmoliacasa","category-19-20","category-festes","category-general","category-infantil","category-primaria"],"post_mailing_queue_ids":[],"_links":{"self":[{"href":"https:\/\/agora.xtec.cat\/ceip-molidevent\/wp-json\/wp\/v2\/posts\/3614","targetHints":{"allow":["GET"]}}],"collection":[{"href":"https:\/\/agora.xtec.cat\/ceip-molidevent\/wp-json\/wp\/v2\/posts"}],"about":[{"href":"https:\/\/agora.xtec.cat\/ceip-molidevent\/wp-json\/wp\/v2\/types\/post"}],"author":[{"embeddable":true,"href":"https:\/\/agora.xtec.cat\/ceip-molidevent\/wp-json\/wp\/v2\/users\/1"}],"replies":[{"embeddable":true,"href":"https:\/\/agora.xtec.cat\/ceip-molidevent\/wp-json\/wp\/v2\/comments?post=3614"}],"version-history":[{"count":1,"href":"https:\/\/agora.xtec.cat\/ceip-molidevent\/wp-json\/wp\/v2\/posts\/3614\/revisions"}],"predecessor-version":[{"id":3615,"href":"https:\/\/agora.xtec.cat\/ceip-molidevent\/wp-json\/wp\/v2\/posts\/3614\/revisions\/3615"}],"wp:featuredmedia":[{"embeddable":true,"href":"https:\/\/agora.xtec.cat\/ceip-molidevent\/wp-json\/wp\/v2\/media\/3616"}],"wp:attachment":[{"href":"https:\/\/agora.xtec.cat\/ceip-molidevent\/wp-json\/wp\/v2\/media?parent=3614"}],"wp:term":[{"taxonomy":"category","embeddable":true,"href":"https:\/\/agora.xtec.cat\/ceip-molidevent\/wp-json\/wp\/v2\/categories?post=3614"},{"taxonomy":"post_tag","embeddable":true,"href":"https:\/\/agora.xtec.cat\/ceip-molidevent\/wp-json\/wp\/v2\/tags?post=3614"}],"curies":[{"name":"wp","href":"https:\/\/api.w.org\/{rel}","templated":true}]}}