{"id":3592,"date":"2020-06-05T11:29:52","date_gmt":"2020-06-05T09:29:52","guid":{"rendered":"http:\/\/agora.xtec.cat\/ceip-molidevent\/?p=3592"},"modified":"2020-09-08T11:48:45","modified_gmt":"2020-09-08T09:48:45","slug":"dona-la-nota-encara-hi-som-a-temps","status":"publish","type":"post","link":"https:\/\/agora.xtec.cat\/ceip-molidevent\/general\/dona-la-nota-encara-hi-som-a-temps\/","title":{"rendered":"Dona la nota, encara hi som a temps"},"content":{"rendered":"<p><strong>DONA LA NOTA, encara hi som a temps<\/strong> \u00e9s una iniciativa que pret\u00e9n que nens i nenes, nois i noies dels centres educatius de Catalunya prenguin consci\u00e8ncia sobre el moment que vivim\u00a0 <img loading=\"lazy\" decoding=\"async\" class=\" wp-image-3593 alignleft\" src=\"https:\/\/agora.xtec.cat\/ceip-molidevent\/wp-content\/uploads\/usu1187\/2020\/06\/download-1.jpg\" alt=\"\" width=\"408\" height=\"315\" \/>d&#8217;emerg\u00e8ncia clim\u00e0tica i ambiental, i participin de forma activa en el seu entorn m\u00e9s proper.<\/p>\n<p>Avui 5 de juny a les 11.00 h podreu veure en directe a TAC 12 com interpreten en directe la can\u00e7\u00f3 NO ENS DESDIBUIXEU que hem estat treballant a C. Superior:<br \/>\n<a href=\"https:\/\/tac12.tv\/directe\/\" target=\"_blank\" rel=\"noopener noreferrer\">https:\/\/tac12.tv\/directe\/<\/a><\/p>\n<p>MANIFEST<br \/>\n<a href=\"https:\/\/projectes.xtec.cat\/encara-hi-som-a-temps\/manifest\/\" target=\"_blank\" rel=\"noopener noreferrer\">https:\/\/projectes.xtec.cat\/encara-hi-som-a-temps\/manifest\/<\/a><\/p>\n<p>LA CAN\u00c7\u00d3<br \/>\n<a href=\"https:\/\/projectes.xtec.cat\/encara-hi-som-a-temps\/cantem-no-ens-desdibuixeu\/\" target=\"_blank\" rel=\"noopener noreferrer\">https:\/\/projectes.xtec.cat\/encara-hi-som-a-temps\/cantem-no-ens-desdibuixeu\/<\/a><\/p>\n<p>QU\u00c8 FEU AL VOSTRE CENTRE?<br \/>\n<a href=\"https:\/\/projectes.xtec.cat\/encara-hi-som-a-temps\/que-feu-al-vostre-centre\/\" target=\"_blank\" rel=\"noopener noreferrer\">https:\/\/projectes.xtec.cat\/encara-hi-som-a-temps\/que-feu-al-vostre-centre\/<\/a><\/p>\n","protected":false},"excerpt":{"rendered":"<p>DONA LA NOTA, encara hi som a temps \u00e9s una iniciativa que pret\u00e9n que nens i nenes, nois i noies dels centres educatius de Catalunya prenguin consci\u00e8ncia sobre el moment que vivim\u00a0 d&#8217;emerg\u00e8ncia clim\u00e0tica i ambiental, i participin de forma activa en el seu entorn&hellip;  <a href=\"https:\/\/agora.xtec.cat\/ceip-molidevent\/general\/dona-la-nota-encara-hi-som-a-temps\/\" title=\"Read Dona la nota, encara hi som a temps\">Llegeix m\u00e9s\u00bb<\/a><\/p>\n","protected":false},"author":1,"featured_media":0,"comment_status":"closed","ping_status":"closed","sticky":false,"template":"","format":"standard","meta":{"_bbp_topic_count":0,"_bbp_reply_count":0,"_bbp_total_topic_count":0,"_bbp_total_reply_count":0,"_bbp_voice_count":0,"_bbp_anonymous_reply_count":0,"_bbp_topic_count_hidden":0,"_bbp_reply_count_hidden":0,"_bbp_forum_subforum_count":0,"footnotes":""},"categories":[116,114,1,2,68,5],"tags":[],"class_list":["post-3592","post","type-post","status-publish","format-standard","hentry","category-elmoliacasa","category-19-20","category-general","category-infantil","category-musica","category-primaria"],"post_mailing_queue_ids":[],"_links":{"self":[{"href":"https:\/\/agora.xtec.cat\/ceip-molidevent\/wp-json\/wp\/v2\/posts\/3592","targetHints":{"allow":["GET"]}}],"collection":[{"href":"https:\/\/agora.xtec.cat\/ceip-molidevent\/wp-json\/wp\/v2\/posts"}],"about":[{"href":"https:\/\/agora.xtec.cat\/ceip-molidevent\/wp-json\/wp\/v2\/types\/post"}],"author":[{"embeddable":true,"href":"https:\/\/agora.xtec.cat\/ceip-molidevent\/wp-json\/wp\/v2\/users\/1"}],"replies":[{"embeddable":true,"href":"https:\/\/agora.xtec.cat\/ceip-molidevent\/wp-json\/wp\/v2\/comments?post=3592"}],"version-history":[{"count":1,"href":"https:\/\/agora.xtec.cat\/ceip-molidevent\/wp-json\/wp\/v2\/posts\/3592\/revisions"}],"predecessor-version":[{"id":3594,"href":"https:\/\/agora.xtec.cat\/ceip-molidevent\/wp-json\/wp\/v2\/posts\/3592\/revisions\/3594"}],"wp:attachment":[{"href":"https:\/\/agora.xtec.cat\/ceip-molidevent\/wp-json\/wp\/v2\/media?parent=3592"}],"wp:term":[{"taxonomy":"category","embeddable":true,"href":"https:\/\/agora.xtec.cat\/ceip-molidevent\/wp-json\/wp\/v2\/categories?post=3592"},{"taxonomy":"post_tag","embeddable":true,"href":"https:\/\/agora.xtec.cat\/ceip-molidevent\/wp-json\/wp\/v2\/tags?post=3592"}],"curies":[{"name":"wp","href":"https:\/\/api.w.org\/{rel}","templated":true}]}}