{"id":3583,"date":"2020-06-05T11:12:40","date_gmt":"2020-06-05T09:12:40","guid":{"rendered":"http:\/\/agora.xtec.cat\/ceip-molidevent\/?p=3583"},"modified":"2020-09-08T11:48:54","modified_gmt":"2020-09-08T09:48:54","slug":"dia-mundial-del-medi-ambient","status":"publish","type":"post","link":"https:\/\/agora.xtec.cat\/ceip-molidevent\/19-20\/dia-mundial-del-medi-ambient\/","title":{"rendered":"Dia Mundial del Medi Ambient"},"content":{"rendered":"<p><img loading=\"lazy\" decoding=\"async\" class=\"wp-image-3584 alignright\" src=\"https:\/\/agora.xtec.cat\/ceip-molidevent\/wp-content\/uploads\/usu1187\/2020\/06\/5-de-juny-Dia-mundial-del-Medi-Ambient-300x300.png\" alt=\"\" width=\"460\" height=\"460\" srcset=\"https:\/\/agora.xtec.cat\/ceip-molidevent\/wp-content\/uploads\/usu1187\/2020\/06\/5-de-juny-Dia-mundial-del-Medi-Ambient-300x300.png 300w, https:\/\/agora.xtec.cat\/ceip-molidevent\/wp-content\/uploads\/usu1187\/2020\/06\/5-de-juny-Dia-mundial-del-Medi-Ambient-150x150.png 150w, https:\/\/agora.xtec.cat\/ceip-molidevent\/wp-content\/uploads\/usu1187\/2020\/06\/5-de-juny-Dia-mundial-del-Medi-Ambient-768x768.png 768w, https:\/\/agora.xtec.cat\/ceip-molidevent\/wp-content\/uploads\/usu1187\/2020\/06\/5-de-juny-Dia-mundial-del-Medi-Ambient-1024x1024.png 1024w, https:\/\/agora.xtec.cat\/ceip-molidevent\/wp-content\/uploads\/usu1187\/2020\/06\/5-de-juny-Dia-mundial-del-Medi-Ambient.png 1080w\" sizes=\"auto, (max-width: 460px) 100vw, 460px\" \/>Benvolgudes fam\u00edlies,<\/p>\n<p style=\"text-align: left;\">Aquest curs, un dels nostres prop\u00f2sits era el de desenvolupar el Projecte Interdisciplinar <strong>SOSTENIBILITAT<\/strong>, amb el lema <strong>PER UN M\u00d3N MILLOR.<\/strong><\/p>\n<p style=\"text-align: left;\">A l\u2019escola ja s\u2019havien realitzat diferents tasques en aquest sentit: la col\u00b7locaci\u00f3 del cartell a la fa\u00e7ana de l\u2019escola, la plantada d\u2019arbres al pati de Cicle Mitj\u00e0, els Ecodefenders, la participaci\u00f3 en la Setmana Europea de la Prevenci\u00f3 de Residus, la pintada de les papereres dels patis, l\u2019exposici\u00f3 sobre l\u2019\u00fas de les palletes de pl\u00e0stic, la participaci\u00f3 en el projecte Pl\u00e0stics 0, visita al\u00a0 consorci d\u2019Aig\u00fces de l\u2019Ampolla, recollida de residus a la sortida a la platja El Canyadell, visita exposici\u00f3 ACA a l\u2019IES Ramon de la Torre&#8230;<\/p>\n<p style=\"text-align: left;\">Amb l\u2019arribada del confinament, moltes activitats que tamb\u00e9 ten\u00edem previstes hauran d\u2019esperar el proper curs. Conscients com som de la import\u00e0ncia de qu\u00e8 l\u2019escola s\u2019impliqui en la formaci\u00f3 de l\u2019alumnat perqu\u00e8 els infants esdevinguin ciutadans compromesos, continuarem impulsant iniciatives en pro d\u2019una millora de la pr\u00f2pia escola i de l\u2019entorn.<\/p>\n<p style=\"text-align: left;\">El divendres 5 de juny \u00e9s el Dia Mundial del Medi Ambient. Us proposem un gest simb\u00f2lic, un petit repte, per fer expl\u00edcita la vostra complicitat en aquest projecte d\u2019escola i aquesta voluntat de continuar treballant junts en aquesta l\u00ednia.<\/p>\n<p style=\"text-align: left;\">Entreu a l\u2019Instagram del Mol\u00ed <strong>escola_molidevent<\/strong> i al post del Dia Mundial del Medi Ambient marqueu <strong>like<\/strong> i com a comentari poseu un\u00a0 ?<\/p>\n<p style=\"text-align: left;\">Junts millor!<\/p>\n<p style=\"text-align: left;\">Salutacions cordials.<\/p>\n<p style=\"text-align: left;\">Equip de mestres i personal PAS de l\u2019Escola Mol\u00ed de Vent.<\/p>\n<p>&nbsp;<\/p>\n","protected":false},"excerpt":{"rendered":"<p>Benvolgudes fam\u00edlies,<br \/>\nAquest curs, un dels nostres prop\u00f2sits era el de desenvolupar el Projecte Interdisciplinar SOSTENIBILITAT, amb el lema PER UN M\u00d3N MILLOR.<br \/>\nA l\u2019escola ja s\u2019havien realitzat diferents tasques en aquest sentit: la col\u00b7locaci\u00f3 del cartell a la fa\u00e7ana de l\u2019escola, la plantada d\u2019arbres al pati&hellip;  <a href=\"https:\/\/agora.xtec.cat\/ceip-molidevent\/19-20\/dia-mundial-del-medi-ambient\/\" title=\"Read Dia Mundial del Medi Ambient\">Llegeix m\u00e9s\u00bb<\/a><\/p>\n","protected":false},"author":1,"featured_media":0,"comment_status":"closed","ping_status":"closed","sticky":false,"template":"","format":"standard","meta":{"_bbp_topic_count":0,"_bbp_reply_count":0,"_bbp_total_topic_count":0,"_bbp_total_reply_count":0,"_bbp_voice_count":0,"_bbp_anonymous_reply_count":0,"_bbp_topic_count_hidden":0,"_bbp_reply_count_hidden":0,"_bbp_forum_subforum_count":0,"footnotes":""},"categories":[114],"tags":[],"class_list":["post-3583","post","type-post","status-publish","format-standard","hentry","category-19-20"],"post_mailing_queue_ids":[],"_links":{"self":[{"href":"https:\/\/agora.xtec.cat\/ceip-molidevent\/wp-json\/wp\/v2\/posts\/3583","targetHints":{"allow":["GET"]}}],"collection":[{"href":"https:\/\/agora.xtec.cat\/ceip-molidevent\/wp-json\/wp\/v2\/posts"}],"about":[{"href":"https:\/\/agora.xtec.cat\/ceip-molidevent\/wp-json\/wp\/v2\/types\/post"}],"author":[{"embeddable":true,"href":"https:\/\/agora.xtec.cat\/ceip-molidevent\/wp-json\/wp\/v2\/users\/1"}],"replies":[{"embeddable":true,"href":"https:\/\/agora.xtec.cat\/ceip-molidevent\/wp-json\/wp\/v2\/comments?post=3583"}],"version-history":[{"count":3,"href":"https:\/\/agora.xtec.cat\/ceip-molidevent\/wp-json\/wp\/v2\/posts\/3583\/revisions"}],"predecessor-version":[{"id":3589,"href":"https:\/\/agora.xtec.cat\/ceip-molidevent\/wp-json\/wp\/v2\/posts\/3583\/revisions\/3589"}],"wp:attachment":[{"href":"https:\/\/agora.xtec.cat\/ceip-molidevent\/wp-json\/wp\/v2\/media?parent=3583"}],"wp:term":[{"taxonomy":"category","embeddable":true,"href":"https:\/\/agora.xtec.cat\/ceip-molidevent\/wp-json\/wp\/v2\/categories?post=3583"},{"taxonomy":"post_tag","embeddable":true,"href":"https:\/\/agora.xtec.cat\/ceip-molidevent\/wp-json\/wp\/v2\/tags?post=3583"}],"curies":[{"name":"wp","href":"https:\/\/api.w.org\/{rel}","templated":true}]}}