{"id":3410,"date":"2020-03-31T13:34:07","date_gmt":"2020-03-31T11:34:07","guid":{"rendered":"http:\/\/agora.xtec.cat\/ceip-molidevent\/?p=3410"},"modified":"2020-03-31T13:34:53","modified_gmt":"2020-03-31T11:34:53","slug":"biblioteques-publiques-de-catalunya","status":"publish","type":"post","link":"https:\/\/agora.xtec.cat\/ceip-molidevent\/19-20\/biblioteques-publiques-de-catalunya\/","title":{"rendered":"Biblioteques p\u00fabliques de Catalunya"},"content":{"rendered":"<h3><span style=\"color: #ff00ff;\">LLIBRES, M\u00daSICA, PEL\u00b7L\u00cdCULES\u2026<\/span><\/h3>\n<p>COM PUC ACCEDIR A eBiblio SI NO TINC CARNET DE BIBLIOTECA I ARA NO EST\u00c0 OBERTA LA BIBLIOTECA MUNICIPAL? Molt f\u00e0cil! Ara ja et pots fer el carnet via internet.<\/p>\n<p>Accedeix a <a href=\"https:\/\/catalunya.ebiblio.es\/opac\/#index\" target=\"_blank\" rel=\"noopener noreferrer\">eBilbio<\/a> i a la portada trobareu un b\u00e0nner a la banda superior esquerra de l&#8217;ordinador (Fes-te el carnet) que et dirigir\u00e0 cap als formularia per fer la petici\u00f3 d&#8217;alta de carnet i aix\u00ed poder accedir als serveis virtuals que ofereix eBiblio. #JoEmQuedoACasa #LaCulturaACasa #Bibliotequesacasa<\/p>\n<p><img loading=\"lazy\" decoding=\"async\" class=\"aligncenter size-full wp-image-3411\" src=\"https:\/\/agora.xtec.cat\/ceip-molidevent\/wp-content\/uploads\/usu1187\/2020\/03\/C02C2207-63E6-48A3-8839-E5DCA9600BC9_4_5005_c.jpeg\" alt=\"\" width=\"212\" height=\"212\" srcset=\"https:\/\/agora.xtec.cat\/ceip-molidevent\/wp-content\/uploads\/usu1187\/2020\/03\/C02C2207-63E6-48A3-8839-E5DCA9600BC9_4_5005_c.jpeg 212w, https:\/\/agora.xtec.cat\/ceip-molidevent\/wp-content\/uploads\/usu1187\/2020\/03\/C02C2207-63E6-48A3-8839-E5DCA9600BC9_4_5005_c-150x150.jpeg 150w\" sizes=\"auto, (max-width: 212px) 100vw, 212px\" \/><\/p>\n","protected":false},"excerpt":{"rendered":"<p>LLIBRES, M\u00daSICA, PEL\u00b7L\u00cdCULES\u2026<br \/>\nCOM PUC ACCEDIR A eBiblio SI NO TINC CARNET DE BIBLIOTECA I ARA NO EST\u00c0 OBERTA LA BIBLIOTECA MUNICIPAL? Molt f\u00e0cil! Ara ja et pots fer el carnet via internet.<br \/>\nAccedeix a <a href=\"https:\/\/catalunya.ebiblio.es\/opac\/#index\" target=\"_blank\" rel=\"noopener noreferrer\">eBilbio<\/a> i a la portada trobareu un b\u00e0nner&hellip;  <a href=\"https:\/\/agora.xtec.cat\/ceip-molidevent\/19-20\/biblioteques-publiques-de-catalunya\/\" title=\"Read Biblioteques p\u00fabliques de Catalunya\">Llegeix m\u00e9s\u00bb<\/a><\/p>\n","protected":false},"author":1,"featured_media":0,"comment_status":"closed","ping_status":"closed","sticky":false,"template":"","format":"standard","meta":{"_bbp_topic_count":0,"_bbp_reply_count":0,"_bbp_total_topic_count":0,"_bbp_total_reply_count":0,"_bbp_voice_count":0,"_bbp_anonymous_reply_count":0,"_bbp_topic_count_hidden":0,"_bbp_reply_count_hidden":0,"_bbp_forum_subforum_count":0,"footnotes":""},"categories":[116,114],"tags":[],"class_list":["post-3410","post","type-post","status-publish","format-standard","hentry","category-elmoliacasa","category-19-20"],"post_mailing_queue_ids":[],"_links":{"self":[{"href":"https:\/\/agora.xtec.cat\/ceip-molidevent\/wp-json\/wp\/v2\/posts\/3410","targetHints":{"allow":["GET"]}}],"collection":[{"href":"https:\/\/agora.xtec.cat\/ceip-molidevent\/wp-json\/wp\/v2\/posts"}],"about":[{"href":"https:\/\/agora.xtec.cat\/ceip-molidevent\/wp-json\/wp\/v2\/types\/post"}],"author":[{"embeddable":true,"href":"https:\/\/agora.xtec.cat\/ceip-molidevent\/wp-json\/wp\/v2\/users\/1"}],"replies":[{"embeddable":true,"href":"https:\/\/agora.xtec.cat\/ceip-molidevent\/wp-json\/wp\/v2\/comments?post=3410"}],"version-history":[{"count":1,"href":"https:\/\/agora.xtec.cat\/ceip-molidevent\/wp-json\/wp\/v2\/posts\/3410\/revisions"}],"predecessor-version":[{"id":3412,"href":"https:\/\/agora.xtec.cat\/ceip-molidevent\/wp-json\/wp\/v2\/posts\/3410\/revisions\/3412"}],"wp:attachment":[{"href":"https:\/\/agora.xtec.cat\/ceip-molidevent\/wp-json\/wp\/v2\/media?parent=3410"}],"wp:term":[{"taxonomy":"category","embeddable":true,"href":"https:\/\/agora.xtec.cat\/ceip-molidevent\/wp-json\/wp\/v2\/categories?post=3410"},{"taxonomy":"post_tag","embeddable":true,"href":"https:\/\/agora.xtec.cat\/ceip-molidevent\/wp-json\/wp\/v2\/tags?post=3410"}],"curies":[{"name":"wp","href":"https:\/\/api.w.org\/{rel}","templated":true}]}}