{"id":3402,"date":"2020-03-27T11:34:56","date_gmt":"2020-03-27T10:34:56","guid":{"rendered":"http:\/\/agora.xtec.cat\/ceip-molidevent\/?p=3402"},"modified":"2020-09-08T16:18:20","modified_gmt":"2020-09-08T14:18:20","slug":"nova-seccio-butlleti-infoescola","status":"publish","type":"post","link":"https:\/\/agora.xtec.cat\/ceip-molidevent\/general\/nova-seccio-butlleti-infoescola\/","title":{"rendered":"Nova secci\u00f3: butllet\u00ed Infoescola"},"content":{"rendered":"<p>El Departament d&#8217;Educaci\u00f3 va comen\u00e7ar a publicar el passat setembre del 2019 el\u00a0<strong>butllet\u00ed <em>Infoescola. <\/em><\/strong>Aquest\u00a0neix per informar la ciutadania de tot all\u00f2 relacionat amb l&#8217;educaci\u00f3 des d&#8217;una \u00f2ptica oberta al m\u00f3n. Aqu\u00ed teniu l&#8217;enlla\u00e7 al darrer butllet\u00ed, per\u00f2 podeu accedir a qualsevol dels ja publicats.<\/p>\n<p><a href=\"http:\/\/ensenyament.gencat.cat\/ca\/departament\/publicacions\/butlletins\/infoescola\/butlleti-07\/\"><img loading=\"lazy\" decoding=\"async\" class=\"aligncenter  wp-image-3403\" src=\"https:\/\/agora.xtec.cat\/ceip-molidevent\/wp-content\/uploads\/usu1187\/2020\/03\/Captura-de-Pantalla-2020-03-27-a-les-11.23.54.png\" alt=\"\" width=\"474\" height=\"414\" srcset=\"https:\/\/agora.xtec.cat\/ceip-molidevent\/wp-content\/uploads\/usu1187\/2020\/03\/Captura-de-Pantalla-2020-03-27-a-les-11.23.54.png 593w, https:\/\/agora.xtec.cat\/ceip-molidevent\/wp-content\/uploads\/usu1187\/2020\/03\/Captura-de-Pantalla-2020-03-27-a-les-11.23.54-300x262.png 300w\" sizes=\"auto, (max-width: 474px) 100vw, 474px\" \/><\/a><\/p>\n","protected":false},"excerpt":{"rendered":"<p>El Departament d&#8217;Educaci\u00f3 va comen\u00e7ar a publicar el passat setembre del 2019 el\u00a0butllet\u00ed Infoescola. Aquest\u00a0neix per informar la ciutadania de tot all\u00f2 relacionat amb l&#8217;educaci\u00f3 des d&#8217;una \u00f2ptica oberta al m\u00f3n. Aqu\u00ed teniu l&#8217;enlla\u00e7 al darrer butllet\u00ed, per\u00f2 podeu accedir a qualsevol dels ja publicats.<br \/>\n<a&hellip;  <a href=\"https:\/\/agora.xtec.cat\/ceip-molidevent\/general\/nova-seccio-butlleti-infoescola\/\" title=\"Read Nova secci\u00f3: butllet\u00ed Infoescola\">Llegeix m\u00e9s\u00bb<\/a><\/p>\n","protected":false},"author":1,"featured_media":0,"comment_status":"closed","ping_status":"closed","sticky":false,"template":"","format":"standard","meta":{"_bbp_topic_count":0,"_bbp_reply_count":0,"_bbp_total_topic_count":0,"_bbp_total_reply_count":0,"_bbp_voice_count":0,"_bbp_anonymous_reply_count":0,"_bbp_topic_count_hidden":0,"_bbp_reply_count_hidden":0,"_bbp_forum_subforum_count":0,"footnotes":""},"categories":[116,114,1],"tags":[],"class_list":["post-3402","post","type-post","status-publish","format-standard","hentry","category-elmoliacasa","category-19-20","category-general"],"post_mailing_queue_ids":[],"_links":{"self":[{"href":"https:\/\/agora.xtec.cat\/ceip-molidevent\/wp-json\/wp\/v2\/posts\/3402","targetHints":{"allow":["GET"]}}],"collection":[{"href":"https:\/\/agora.xtec.cat\/ceip-molidevent\/wp-json\/wp\/v2\/posts"}],"about":[{"href":"https:\/\/agora.xtec.cat\/ceip-molidevent\/wp-json\/wp\/v2\/types\/post"}],"author":[{"embeddable":true,"href":"https:\/\/agora.xtec.cat\/ceip-molidevent\/wp-json\/wp\/v2\/users\/1"}],"replies":[{"embeddable":true,"href":"https:\/\/agora.xtec.cat\/ceip-molidevent\/wp-json\/wp\/v2\/comments?post=3402"}],"version-history":[{"count":1,"href":"https:\/\/agora.xtec.cat\/ceip-molidevent\/wp-json\/wp\/v2\/posts\/3402\/revisions"}],"predecessor-version":[{"id":3404,"href":"https:\/\/agora.xtec.cat\/ceip-molidevent\/wp-json\/wp\/v2\/posts\/3402\/revisions\/3404"}],"wp:attachment":[{"href":"https:\/\/agora.xtec.cat\/ceip-molidevent\/wp-json\/wp\/v2\/media?parent=3402"}],"wp:term":[{"taxonomy":"category","embeddable":true,"href":"https:\/\/agora.xtec.cat\/ceip-molidevent\/wp-json\/wp\/v2\/categories?post=3402"},{"taxonomy":"post_tag","embeddable":true,"href":"https:\/\/agora.xtec.cat\/ceip-molidevent\/wp-json\/wp\/v2\/tags?post=3402"}],"curies":[{"name":"wp","href":"https:\/\/api.w.org\/{rel}","templated":true}]}}