{"id":3308,"date":"2020-03-06T17:40:11","date_gmt":"2020-03-06T16:40:11","guid":{"rendered":"http:\/\/agora.xtec.cat\/ceip-molidevent\/?p=3308"},"modified":"2020-09-08T16:18:36","modified_gmt":"2020-09-08T14:18:36","slug":"8-de-marc-dia-de-la-dona-treballadora","status":"publish","type":"post","link":"https:\/\/agora.xtec.cat\/ceip-molidevent\/general\/8-de-marc-dia-de-la-dona-treballadora\/","title":{"rendered":"8 DE MAR\u00c7: DIA DE LA DONA TREBALLADORA"},"content":{"rendered":"<p>El diumenge 8 de mar\u00e7 \u00e9s el Dia de la Dona Treballadora. Aquestes s\u00f3n algunes de les dones especials per al nostre alumnat.<\/p>\n<p><strong><span style=\"color: #ff6600;\">Paraules<\/span><\/strong> i <strong><span style=\"color: #cc99ff;\">dibuixos<\/span><\/strong> plens d&#8217;<strong><span style=\"color: #993366;\">estimaci\u00f3<\/span><\/strong> i <span style=\"color: #ff00ff;\"><strong>reconeixement<\/strong><\/span>.<\/p>\n\n\t\t<style type=\"text\/css\">\n\t\t\t#gallery-1 {\n\t\t\t\tmargin: auto;\n\t\t\t}\n\t\t\t#gallery-1 .gallery-item {\n\t\t\t\tfloat: left;\n\t\t\t\tmargin-top: 10px;\n\t\t\t\ttext-align: center;\n\t\t\t\twidth: 25%;\n\t\t\t}\n\t\t\t#gallery-1 img {\n\t\t\t\tborder: 2px solid #cfcfcf;\n\t\t\t}\n\t\t\t#gallery-1 .gallery-caption {\n\t\t\t\tmargin-left: 0;\n\t\t\t}\n\t\t\t\/* see gallery_shortcode() in wp-includes\/media.php *\/\n\t\t<\/style>\n\t\t<div id='gallery-1' class='gallery galleryid-3308 gallery-columns-4 gallery-size-medium'><dl class='gallery-item'>\n\t\t\t<dt class='gallery-icon portrait'>\n\t\t\t\t<a href='https:\/\/agora.xtec.cat\/ceip-molidevent\/general\/8-de-marc-dia-de-la-dona-treballadora\/attachment\/photo-2020-03-06-15-33-20-9\/'><img loading=\"lazy\" decoding=\"async\" width=\"225\" height=\"300\" src=\"https:\/\/agora.xtec.cat\/ceip-molidevent\/wp-content\/uploads\/usu1187\/2020\/03\/PHOTO-2020-03-06-15-33-20-9-225x300.jpg\" class=\"attachment-medium size-medium\" alt=\"\" srcset=\"https:\/\/agora.xtec.cat\/ceip-molidevent\/wp-content\/uploads\/usu1187\/2020\/03\/PHOTO-2020-03-06-15-33-20-9-225x300.jpg 225w, https:\/\/agora.xtec.cat\/ceip-molidevent\/wp-content\/uploads\/usu1187\/2020\/03\/PHOTO-2020-03-06-15-33-20-9.jpg 768w\" sizes=\"auto, (max-width: 225px) 100vw, 225px\" \/><\/a>\n\t\t\t<\/dt><\/dl><dl class='gallery-item'>\n\t\t\t<dt class='gallery-icon portrait'>\n\t\t\t\t<a href='https:\/\/agora.xtec.cat\/ceip-molidevent\/general\/8-de-marc-dia-de-la-dona-treballadora\/attachment\/photo-2020-03-06-15-32-57\/'><img loading=\"lazy\" decoding=\"async\" width=\"225\" height=\"300\" src=\"https:\/\/agora.xtec.cat\/ceip-molidevent\/wp-content\/uploads\/usu1187\/2020\/03\/PHOTO-2020-03-06-15-32-57-225x300.jpg\" class=\"attachment-medium size-medium\" alt=\"\" srcset=\"https:\/\/agora.xtec.cat\/ceip-molidevent\/wp-content\/uploads\/usu1187\/2020\/03\/PHOTO-2020-03-06-15-32-57-225x300.jpg 225w, https:\/\/agora.xtec.cat\/ceip-molidevent\/wp-content\/uploads\/usu1187\/2020\/03\/PHOTO-2020-03-06-15-32-57.jpg 768w\" sizes=\"auto, (max-width: 225px) 100vw, 225px\" \/><\/a>\n\t\t\t<\/dt><\/dl><dl class='gallery-item'>\n\t\t\t<dt class='gallery-icon portrait'>\n\t\t\t\t<a href='https:\/\/agora.xtec.cat\/ceip-molidevent\/general\/8-de-marc-dia-de-la-dona-treballadora\/attachment\/photo-2020-03-06-15-33-20-2\/'><img loading=\"lazy\" decoding=\"async\" width=\"225\" height=\"300\" src=\"https:\/\/agora.xtec.cat\/ceip-molidevent\/wp-content\/uploads\/usu1187\/2020\/03\/PHOTO-2020-03-06-15-33-20-2-225x300.jpg\" class=\"attachment-medium size-medium\" alt=\"\" srcset=\"https:\/\/agora.xtec.cat\/ceip-molidevent\/wp-content\/uploads\/usu1187\/2020\/03\/PHOTO-2020-03-06-15-33-20-2-225x300.jpg 225w, https:\/\/agora.xtec.cat\/ceip-molidevent\/wp-content\/uploads\/usu1187\/2020\/03\/PHOTO-2020-03-06-15-33-20-2.jpg 768w\" sizes=\"auto, (max-width: 225px) 100vw, 225px\" \/><\/a>\n\t\t\t<\/dt><\/dl><dl class='gallery-item'>\n\t\t\t<dt class='gallery-icon portrait'>\n\t\t\t\t<a href='https:\/\/agora.xtec.cat\/ceip-molidevent\/general\/8-de-marc-dia-de-la-dona-treballadora\/attachment\/photo-2020-03-06-15-33-20-3\/'><img loading=\"lazy\" decoding=\"async\" width=\"225\" height=\"300\" src=\"https:\/\/agora.xtec.cat\/ceip-molidevent\/wp-content\/uploads\/usu1187\/2020\/03\/PHOTO-2020-03-06-15-33-20-3-225x300.jpg\" class=\"attachment-medium size-medium\" alt=\"\" srcset=\"https:\/\/agora.xtec.cat\/ceip-molidevent\/wp-content\/uploads\/usu1187\/2020\/03\/PHOTO-2020-03-06-15-33-20-3-225x300.jpg 225w, https:\/\/agora.xtec.cat\/ceip-molidevent\/wp-content\/uploads\/usu1187\/2020\/03\/PHOTO-2020-03-06-15-33-20-3.jpg 768w\" sizes=\"auto, (max-width: 225px) 100vw, 225px\" \/><\/a>\n\t\t\t<\/dt><\/dl><br style=\"clear: both\" \/><dl class='gallery-item'>\n\t\t\t<dt class='gallery-icon landscape'>\n\t\t\t\t<a href='https:\/\/agora.xtec.cat\/ceip-molidevent\/general\/8-de-marc-dia-de-la-dona-treballadora\/attachment\/photo-2020-03-06-15-33-20-8\/'><img loading=\"lazy\" decoding=\"async\" width=\"300\" height=\"225\" src=\"https:\/\/agora.xtec.cat\/ceip-molidevent\/wp-content\/uploads\/usu1187\/2020\/03\/PHOTO-2020-03-06-15-33-20-8-300x225.jpg\" class=\"attachment-medium size-medium\" alt=\"\" srcset=\"https:\/\/agora.xtec.cat\/ceip-molidevent\/wp-content\/uploads\/usu1187\/2020\/03\/PHOTO-2020-03-06-15-33-20-8-300x225.jpg 300w, https:\/\/agora.xtec.cat\/ceip-molidevent\/wp-content\/uploads\/usu1187\/2020\/03\/PHOTO-2020-03-06-15-33-20-8-768x576.jpg 768w, https:\/\/agora.xtec.cat\/ceip-molidevent\/wp-content\/uploads\/usu1187\/2020\/03\/PHOTO-2020-03-06-15-33-20-8.jpg 1024w, https:\/\/agora.xtec.cat\/ceip-molidevent\/wp-content\/uploads\/usu1187\/2020\/03\/PHOTO-2020-03-06-15-33-20-8-200x150.jpg 200w\" sizes=\"auto, (max-width: 300px) 100vw, 300px\" \/><\/a>\n\t\t\t<\/dt><\/dl><dl class='gallery-item'>\n\t\t\t<dt class='gallery-icon portrait'>\n\t\t\t\t<a href='https:\/\/agora.xtec.cat\/ceip-molidevent\/general\/8-de-marc-dia-de-la-dona-treballadora\/attachment\/photo-2020-03-06-15-33-20-7\/'><img loading=\"lazy\" decoding=\"async\" width=\"225\" height=\"300\" src=\"https:\/\/agora.xtec.cat\/ceip-molidevent\/wp-content\/uploads\/usu1187\/2020\/03\/PHOTO-2020-03-06-15-33-20-7-225x300.jpg\" class=\"attachment-medium size-medium\" alt=\"\" srcset=\"https:\/\/agora.xtec.cat\/ceip-molidevent\/wp-content\/uploads\/usu1187\/2020\/03\/PHOTO-2020-03-06-15-33-20-7-225x300.jpg 225w, https:\/\/agora.xtec.cat\/ceip-molidevent\/wp-content\/uploads\/usu1187\/2020\/03\/PHOTO-2020-03-06-15-33-20-7.jpg 768w\" sizes=\"auto, (max-width: 225px) 100vw, 225px\" \/><\/a>\n\t\t\t<\/dt><\/dl><dl class='gallery-item'>\n\t\t\t<dt class='gallery-icon portrait'>\n\t\t\t\t<a href='https:\/\/agora.xtec.cat\/ceip-molidevent\/general\/8-de-marc-dia-de-la-dona-treballadora\/attachment\/photo-2020-03-06-15-33-20-6\/'><img loading=\"lazy\" decoding=\"async\" width=\"225\" height=\"300\" src=\"https:\/\/agora.xtec.cat\/ceip-molidevent\/wp-content\/uploads\/usu1187\/2020\/03\/PHOTO-2020-03-06-15-33-20-6-225x300.jpg\" class=\"attachment-medium size-medium\" alt=\"\" srcset=\"https:\/\/agora.xtec.cat\/ceip-molidevent\/wp-content\/uploads\/usu1187\/2020\/03\/PHOTO-2020-03-06-15-33-20-6-225x300.jpg 225w, https:\/\/agora.xtec.cat\/ceip-molidevent\/wp-content\/uploads\/usu1187\/2020\/03\/PHOTO-2020-03-06-15-33-20-6.jpg 768w\" sizes=\"auto, (max-width: 225px) 100vw, 225px\" \/><\/a>\n\t\t\t<\/dt><\/dl><dl class='gallery-item'>\n\t\t\t<dt class='gallery-icon portrait'>\n\t\t\t\t<a href='https:\/\/agora.xtec.cat\/ceip-molidevent\/general\/8-de-marc-dia-de-la-dona-treballadora\/attachment\/photo-2020-03-06-15-33-20-5\/'><img loading=\"lazy\" decoding=\"async\" width=\"225\" height=\"300\" src=\"https:\/\/agora.xtec.cat\/ceip-molidevent\/wp-content\/uploads\/usu1187\/2020\/03\/PHOTO-2020-03-06-15-33-20-5-225x300.jpg\" class=\"attachment-medium size-medium\" alt=\"\" srcset=\"https:\/\/agora.xtec.cat\/ceip-molidevent\/wp-content\/uploads\/usu1187\/2020\/03\/PHOTO-2020-03-06-15-33-20-5-225x300.jpg 225w, https:\/\/agora.xtec.cat\/ceip-molidevent\/wp-content\/uploads\/usu1187\/2020\/03\/PHOTO-2020-03-06-15-33-20-5.jpg 768w\" sizes=\"auto, (max-width: 225px) 100vw, 225px\" \/><\/a>\n\t\t\t<\/dt><\/dl><br style=\"clear: both\" \/><dl class='gallery-item'>\n\t\t\t<dt class='gallery-icon portrait'>\n\t\t\t\t<a href='https:\/\/agora.xtec.cat\/ceip-molidevent\/general\/8-de-marc-dia-de-la-dona-treballadora\/attachment\/photo-2020-03-06-15-33-20-4\/'><img loading=\"lazy\" decoding=\"async\" width=\"225\" height=\"300\" src=\"https:\/\/agora.xtec.cat\/ceip-molidevent\/wp-content\/uploads\/usu1187\/2020\/03\/PHOTO-2020-03-06-15-33-20-4-225x300.jpg\" class=\"attachment-medium size-medium\" alt=\"\" srcset=\"https:\/\/agora.xtec.cat\/ceip-molidevent\/wp-content\/uploads\/usu1187\/2020\/03\/PHOTO-2020-03-06-15-33-20-4-225x300.jpg 225w, https:\/\/agora.xtec.cat\/ceip-molidevent\/wp-content\/uploads\/usu1187\/2020\/03\/PHOTO-2020-03-06-15-33-20-4.jpg 768w\" sizes=\"auto, (max-width: 225px) 100vw, 225px\" \/><\/a>\n\t\t\t<\/dt><\/dl><dl class='gallery-item'>\n\t\t\t<dt class='gallery-icon portrait'>\n\t\t\t\t<a href='https:\/\/agora.xtec.cat\/ceip-molidevent\/general\/8-de-marc-dia-de-la-dona-treballadora\/attachment\/photo-2020-03-06-15-33-20\/'><img loading=\"lazy\" decoding=\"async\" width=\"225\" height=\"300\" src=\"https:\/\/agora.xtec.cat\/ceip-molidevent\/wp-content\/uploads\/usu1187\/2020\/03\/PHOTO-2020-03-06-15-33-20-225x300.jpg\" class=\"attachment-medium size-medium\" alt=\"\" srcset=\"https:\/\/agora.xtec.cat\/ceip-molidevent\/wp-content\/uploads\/usu1187\/2020\/03\/PHOTO-2020-03-06-15-33-20-225x300.jpg 225w, https:\/\/agora.xtec.cat\/ceip-molidevent\/wp-content\/uploads\/usu1187\/2020\/03\/PHOTO-2020-03-06-15-33-20.jpg 768w\" sizes=\"auto, (max-width: 225px) 100vw, 225px\" \/><\/a>\n\t\t\t<\/dt><\/dl>\n\t\t\t<br style='clear: both' \/>\n\t\t<\/div>\n\n","protected":false},"excerpt":{"rendered":"<p>El diumenge 8 de mar\u00e7 \u00e9s el Dia de la Dona Treballadora. Aquestes s\u00f3n algunes de les dones especials per al nostre alumnat.<br \/>\nParaules i dibuixos plens d&#8217;estimaci\u00f3 i reconeixement.<\/p>\n<p>\t\t\t#gallery-2 {<br \/>\n\t\t\t\tmargin: auto;<br \/>\n\t\t\t}<br \/>\n\t\t\t#gallery-2 .gallery-item {<br \/>\n\t\t\t\tfloat: left;<br \/>\n\t\t\t\tmargin-top: 10px;<br \/>\n\t\t\t\ttext-align: center;<br \/>\n\t\t\t\twidth: 25%;<br \/>\n\t\t\t}<br \/>\n\t\t\t#gallery-2 img {<br \/>\n\t\t\t\tborder: 2px solid #cfcfcf;<br \/>\n\t\t\t}<br \/>\n\t\t\t#gallery-2 .gallery-caption {<br \/>\n\t\t\t\tmargin-left: 0;<br \/>\n\t\t\t}<br \/>\n\t\t\t\/*&hellip;  <a href=\"https:\/\/agora.xtec.cat\/ceip-molidevent\/general\/8-de-marc-dia-de-la-dona-treballadora\/\" title=\"Read 8 DE MAR\u00c7: DIA DE LA DONA TREBALLADORA\">Llegeix m\u00e9s\u00bb<\/a><\/p>\n","protected":false},"author":1,"featured_media":0,"comment_status":"closed","ping_status":"closed","sticky":false,"template":"","format":"standard","meta":{"_bbp_topic_count":0,"_bbp_reply_count":0,"_bbp_total_topic_count":0,"_bbp_total_reply_count":0,"_bbp_voice_count":0,"_bbp_anonymous_reply_count":0,"_bbp_topic_count_hidden":0,"_bbp_reply_count_hidden":0,"_bbp_forum_subforum_count":0,"footnotes":""},"categories":[114,1],"tags":[],"class_list":["post-3308","post","type-post","status-publish","format-standard","hentry","category-19-20","category-general"],"post_mailing_queue_ids":[],"_links":{"self":[{"href":"https:\/\/agora.xtec.cat\/ceip-molidevent\/wp-json\/wp\/v2\/posts\/3308","targetHints":{"allow":["GET"]}}],"collection":[{"href":"https:\/\/agora.xtec.cat\/ceip-molidevent\/wp-json\/wp\/v2\/posts"}],"about":[{"href":"https:\/\/agora.xtec.cat\/ceip-molidevent\/wp-json\/wp\/v2\/types\/post"}],"author":[{"embeddable":true,"href":"https:\/\/agora.xtec.cat\/ceip-molidevent\/wp-json\/wp\/v2\/users\/1"}],"replies":[{"embeddable":true,"href":"https:\/\/agora.xtec.cat\/ceip-molidevent\/wp-json\/wp\/v2\/comments?post=3308"}],"version-history":[{"count":1,"href":"https:\/\/agora.xtec.cat\/ceip-molidevent\/wp-json\/wp\/v2\/posts\/3308\/revisions"}],"predecessor-version":[{"id":3319,"href":"https:\/\/agora.xtec.cat\/ceip-molidevent\/wp-json\/wp\/v2\/posts\/3308\/revisions\/3319"}],"wp:attachment":[{"href":"https:\/\/agora.xtec.cat\/ceip-molidevent\/wp-json\/wp\/v2\/media?parent=3308"}],"wp:term":[{"taxonomy":"category","embeddable":true,"href":"https:\/\/agora.xtec.cat\/ceip-molidevent\/wp-json\/wp\/v2\/categories?post=3308"},{"taxonomy":"post_tag","embeddable":true,"href":"https:\/\/agora.xtec.cat\/ceip-molidevent\/wp-json\/wp\/v2\/tags?post=3308"}],"curies":[{"name":"wp","href":"https:\/\/api.w.org\/{rel}","templated":true}]}}