{"id":3264,"date":"2020-01-10T16:15:52","date_gmt":"2020-01-10T15:15:52","guid":{"rendered":"http:\/\/agora.xtec.cat\/ceip-molidevent\/?p=3264"},"modified":"2020-09-08T16:19:24","modified_gmt":"2020-09-08T14:19:24","slug":"bon-any-2020","status":"publish","type":"post","link":"https:\/\/agora.xtec.cat\/ceip-molidevent\/general\/bon-any-2020\/","title":{"rendered":"BON ANY 2020!!!"},"content":{"rendered":"<p style=\"font-weight: 400;\">Despr\u00e9s de les vacances nadalenques, encetem el segon trimestre amb nous projectes i il\u00b7lusions.<\/p>\n<p style=\"font-weight: 400;\">Els Reis han estat generosos i, al pati de Cicle Inicial, hi ha una nova estructura. L&#8217;estona de lleure i el joc s\u00f3n elements essencials pel desenvolupament integral dels infants, i en aquest sentit, la millora dels patis \u00e9s un dels nostres objectius.<img loading=\"lazy\" decoding=\"async\" class=\" wp-image-3265 alignright\" src=\"https:\/\/agora.xtec.cat\/ceip-molidevent\/wp-content\/uploads\/usu1187\/2020\/01\/Captura.jpg\" alt=\"\" width=\"503\" height=\"375\" srcset=\"https:\/\/agora.xtec.cat\/ceip-molidevent\/wp-content\/uploads\/usu1187\/2020\/01\/Captura.jpg 641w, https:\/\/agora.xtec.cat\/ceip-molidevent\/wp-content\/uploads\/usu1187\/2020\/01\/Captura-300x224.jpg 300w, https:\/\/agora.xtec.cat\/ceip-molidevent\/wp-content\/uploads\/usu1187\/2020\/01\/Captura-200x150.jpg 200w\" sizes=\"auto, (max-width: 503px) 100vw, 503px\" \/><\/p>\n<p style=\"font-weight: 400;\">A 6\u00e8 es desenvolupar\u00e0 el projecte INSPIRA, gr\u00e0cies a la col\u00b7laboraci\u00f3 entre l&#8217;escola i la universitat URV.\u00a0 Des d&#8217;un punt de vista coeducatiu, es vol fomentar les potencialitats de l&#8217;alumnat, siguin nens o nenes, per estudiar, en un futur, estudis tecnol\u00f2gics.<\/p>\n<p style=\"font-weight: 400;\">Dintre del projecte de la Sostenibilitat, el mes de febrer, tindrem al centre una exposici\u00f3 de l&#8217;ACA: ESTIMA L&#8217;AIGUA, CADA GOTA COMPTA.<\/p>\n<p style=\"font-weight: 400;\">I aix\u00f2 \u00e9s un petit tast del que ens espera al llarg dels seg\u00fcents tres mesos.<\/p>\n<p style=\"font-weight: 400;\">Com sempre, esperem comptar amb la col\u00b7laboraci\u00f3 de tota la comunitat educativa:<\/p>\n<p style=\"font-weight: 400;\">JUNTS SUMEM!<\/p>\n","protected":false},"excerpt":{"rendered":"<p>Despr\u00e9s de les vacances nadalenques, encetem el segon trimestre amb nous projectes i il\u00b7lusions.<br \/>\nEls Reis han estat generosos i, al pati de Cicle Inicial, hi ha una nova estructura. L&#8217;estona de lleure i el joc s\u00f3n elements essencials pel desenvolupament integral dels infants, i en&hellip;  <a href=\"https:\/\/agora.xtec.cat\/ceip-molidevent\/general\/bon-any-2020\/\" title=\"Read BON ANY 2020!!!\">Llegeix m\u00e9s\u00bb<\/a><\/p>\n","protected":false},"author":1,"featured_media":0,"comment_status":"closed","ping_status":"closed","sticky":false,"template":"","format":"standard","meta":{"_bbp_topic_count":0,"_bbp_reply_count":0,"_bbp_total_topic_count":0,"_bbp_total_reply_count":0,"_bbp_voice_count":0,"_bbp_anonymous_reply_count":0,"_bbp_topic_count_hidden":0,"_bbp_reply_count_hidden":0,"_bbp_forum_subforum_count":0,"footnotes":""},"categories":[1,2,5],"tags":[],"class_list":["post-3264","post","type-post","status-publish","format-standard","hentry","category-general","category-infantil","category-primaria"],"post_mailing_queue_ids":[],"_links":{"self":[{"href":"https:\/\/agora.xtec.cat\/ceip-molidevent\/wp-json\/wp\/v2\/posts\/3264","targetHints":{"allow":["GET"]}}],"collection":[{"href":"https:\/\/agora.xtec.cat\/ceip-molidevent\/wp-json\/wp\/v2\/posts"}],"about":[{"href":"https:\/\/agora.xtec.cat\/ceip-molidevent\/wp-json\/wp\/v2\/types\/post"}],"author":[{"embeddable":true,"href":"https:\/\/agora.xtec.cat\/ceip-molidevent\/wp-json\/wp\/v2\/users\/1"}],"replies":[{"embeddable":true,"href":"https:\/\/agora.xtec.cat\/ceip-molidevent\/wp-json\/wp\/v2\/comments?post=3264"}],"version-history":[{"count":1,"href":"https:\/\/agora.xtec.cat\/ceip-molidevent\/wp-json\/wp\/v2\/posts\/3264\/revisions"}],"predecessor-version":[{"id":3266,"href":"https:\/\/agora.xtec.cat\/ceip-molidevent\/wp-json\/wp\/v2\/posts\/3264\/revisions\/3266"}],"wp:attachment":[{"href":"https:\/\/agora.xtec.cat\/ceip-molidevent\/wp-json\/wp\/v2\/media?parent=3264"}],"wp:term":[{"taxonomy":"category","embeddable":true,"href":"https:\/\/agora.xtec.cat\/ceip-molidevent\/wp-json\/wp\/v2\/categories?post=3264"},{"taxonomy":"post_tag","embeddable":true,"href":"https:\/\/agora.xtec.cat\/ceip-molidevent\/wp-json\/wp\/v2\/tags?post=3264"}],"curies":[{"name":"wp","href":"https:\/\/api.w.org\/{rel}","templated":true}]}}