{"id":3233,"date":"2019-11-22T15:45:28","date_gmt":"2019-11-22T14:45:28","guid":{"rendered":"http:\/\/agora.xtec.cat\/ceip-molidevent\/?p=3233"},"modified":"2020-09-18T15:08:45","modified_gmt":"2020-09-18T13:08:45","slug":"sostenibilitat","status":"publish","type":"post","link":"https:\/\/agora.xtec.cat\/ceip-molidevent\/general\/sostenibilitat\/","title":{"rendered":"SOSTENIBILITAT"},"content":{"rendered":"<p>Des d&#8217;avui penja, a la fa\u00e7ana de l&#8217;escola, una lona on s&#8217;hi pot llegir:<\/p>\n<p>SOSTENIBILITAT<\/p>\n<p>Per un m\u00f3n millor.<\/p>\n<p>Aquest \u00e9s el projecte interdisciplinar que, amb activitats diverses, tots els grups anirem treballant al llarg del curs.<\/p>\n<p>L&#8217;educaci\u00f3 per a la sostenibilitat \u00e9s clau per desenvolupar un sentit \u00e8tic i c\u00edvic pel medi ambient i de responsabilitat envers les generacions futures.<\/p>\n<p>EQUIP DOCENT DE L&#8217;ESCOLA MOL\u00cd DE VENT<\/p>\n<p><img loading=\"lazy\" decoding=\"async\" class=\"wp-image-3234 alignleft\" src=\"https:\/\/agora.xtec.cat\/ceip-molidevent\/wp-content\/uploads\/usu1187\/2019\/11\/Captura-2.jpg\" alt=\"\" width=\"444\" height=\"324\" srcset=\"https:\/\/agora.xtec.cat\/ceip-molidevent\/wp-content\/uploads\/usu1187\/2019\/11\/Captura-2.jpg 1216w, https:\/\/agora.xtec.cat\/ceip-molidevent\/wp-content\/uploads\/usu1187\/2019\/11\/Captura-2-300x219.jpg 300w, https:\/\/agora.xtec.cat\/ceip-molidevent\/wp-content\/uploads\/usu1187\/2019\/11\/Captura-2-768x560.jpg 768w, https:\/\/agora.xtec.cat\/ceip-molidevent\/wp-content\/uploads\/usu1187\/2019\/11\/Captura-2-1024x747.jpg 1024w\" sizes=\"auto, (max-width: 444px) 100vw, 444px\" \/> <img loading=\"lazy\" decoding=\"async\" class=\"wp-image-3235 alignleft\" src=\"https:\/\/agora.xtec.cat\/ceip-molidevent\/wp-content\/uploads\/usu1187\/2019\/11\/LONA.jpg\" alt=\"\" width=\"255\" height=\"579\" srcset=\"https:\/\/agora.xtec.cat\/ceip-molidevent\/wp-content\/uploads\/usu1187\/2019\/11\/LONA.jpg 780w, https:\/\/agora.xtec.cat\/ceip-molidevent\/wp-content\/uploads\/usu1187\/2019\/11\/LONA-132x300.jpg 132w, https:\/\/agora.xtec.cat\/ceip-molidevent\/wp-content\/uploads\/usu1187\/2019\/11\/LONA-768x1745.jpg 768w, https:\/\/agora.xtec.cat\/ceip-molidevent\/wp-content\/uploads\/usu1187\/2019\/11\/LONA-451x1024.jpg 451w\" sizes=\"auto, (max-width: 255px) 100vw, 255px\" \/><\/p>\n","protected":false},"excerpt":{"rendered":"<p>Des d&#8217;avui penja, a la fa\u00e7ana de l&#8217;escola, una lona on s&#8217;hi pot llegir:<br \/>\nSOSTENIBILITAT<br \/>\nPer un m\u00f3n millor.<br \/>\nAquest \u00e9s el projecte interdisciplinar que, amb activitats diverses, tots els grups anirem treballant al llarg del curs.<br \/>\nL&#8217;educaci\u00f3 per a la sostenibilitat \u00e9s clau per desenvolupar un sentit \u00e8tic&hellip;  <a href=\"https:\/\/agora.xtec.cat\/ceip-molidevent\/general\/sostenibilitat\/\" title=\"Read SOSTENIBILITAT\">Llegeix m\u00e9s\u00bb<\/a><\/p>\n","protected":false},"author":1,"featured_media":0,"comment_status":"closed","ping_status":"closed","sticky":false,"template":"","format":"standard","meta":{"_bbp_topic_count":0,"_bbp_reply_count":0,"_bbp_total_topic_count":0,"_bbp_total_reply_count":0,"_bbp_voice_count":0,"_bbp_anonymous_reply_count":0,"_bbp_topic_count_hidden":0,"_bbp_reply_count_hidden":0,"_bbp_forum_subforum_count":0,"footnotes":""},"categories":[1],"tags":[],"class_list":["post-3233","post","type-post","status-publish","format-standard","hentry","category-general"],"post_mailing_queue_ids":[],"_links":{"self":[{"href":"https:\/\/agora.xtec.cat\/ceip-molidevent\/wp-json\/wp\/v2\/posts\/3233","targetHints":{"allow":["GET"]}}],"collection":[{"href":"https:\/\/agora.xtec.cat\/ceip-molidevent\/wp-json\/wp\/v2\/posts"}],"about":[{"href":"https:\/\/agora.xtec.cat\/ceip-molidevent\/wp-json\/wp\/v2\/types\/post"}],"author":[{"embeddable":true,"href":"https:\/\/agora.xtec.cat\/ceip-molidevent\/wp-json\/wp\/v2\/users\/1"}],"replies":[{"embeddable":true,"href":"https:\/\/agora.xtec.cat\/ceip-molidevent\/wp-json\/wp\/v2\/comments?post=3233"}],"version-history":[{"count":1,"href":"https:\/\/agora.xtec.cat\/ceip-molidevent\/wp-json\/wp\/v2\/posts\/3233\/revisions"}],"predecessor-version":[{"id":3236,"href":"https:\/\/agora.xtec.cat\/ceip-molidevent\/wp-json\/wp\/v2\/posts\/3233\/revisions\/3236"}],"wp:attachment":[{"href":"https:\/\/agora.xtec.cat\/ceip-molidevent\/wp-json\/wp\/v2\/media?parent=3233"}],"wp:term":[{"taxonomy":"category","embeddable":true,"href":"https:\/\/agora.xtec.cat\/ceip-molidevent\/wp-json\/wp\/v2\/categories?post=3233"},{"taxonomy":"post_tag","embeddable":true,"href":"https:\/\/agora.xtec.cat\/ceip-molidevent\/wp-json\/wp\/v2\/tags?post=3233"}],"curies":[{"name":"wp","href":"https:\/\/api.w.org\/{rel}","templated":true}]}}