{"id":3218,"date":"2019-11-08T15:38:14","date_gmt":"2019-11-08T14:38:14","guid":{"rendered":"http:\/\/agora.xtec.cat\/ceip-molidevent\/?p=3218"},"modified":"2020-09-18T15:08:54","modified_gmt":"2020-09-18T13:08:54","slug":"obres-a-lescola","status":"publish","type":"post","link":"https:\/\/agora.xtec.cat\/ceip-molidevent\/general\/obres-a-lescola\/","title":{"rendered":"Obres a l&#8217;escola"},"content":{"rendered":"<p>Les obres ja han acabat, a partir de divendres 22 de novembre les entrades i sortides d&#8217;educaci\u00f3 infantil tornen a la normalitat.<\/p>\n<p><img loading=\"lazy\" decoding=\"async\" class=\"aligncenter size-full wp-image-3225\" src=\"https:\/\/agora.xtec.cat\/ceip-molidevent\/wp-content\/uploads\/usu1187\/2019\/11\/Captura.jpg\" alt=\"\" width=\"1218\" height=\"908\" srcset=\"https:\/\/agora.xtec.cat\/ceip-molidevent\/wp-content\/uploads\/usu1187\/2019\/11\/Captura.jpg 1218w, https:\/\/agora.xtec.cat\/ceip-molidevent\/wp-content\/uploads\/usu1187\/2019\/11\/Captura-300x224.jpg 300w, https:\/\/agora.xtec.cat\/ceip-molidevent\/wp-content\/uploads\/usu1187\/2019\/11\/Captura-768x573.jpg 768w, https:\/\/agora.xtec.cat\/ceip-molidevent\/wp-content\/uploads\/usu1187\/2019\/11\/Captura-1024x763.jpg 1024w, https:\/\/agora.xtec.cat\/ceip-molidevent\/wp-content\/uploads\/usu1187\/2019\/11\/Captura-200x150.jpg 200w\" sizes=\"auto, (max-width: 1218px) 100vw, 1218px\" \/><\/p>\n<p>&nbsp;<\/p>\n<hr \/>\n<p>&nbsp;<\/p>\n<p>Per obres de millora, i fins nou av\u00eds, l&#8217;entrada dels alumnes d&#8217;educaci\u00f3 infantil es far\u00e0 pel p\u00e0rquing de l&#8217;escola.<\/p>\n<p><img loading=\"lazy\" decoding=\"async\" class=\"wp-image-3220 alignleft\" src=\"https:\/\/agora.xtec.cat\/ceip-molidevent\/wp-content\/uploads\/usu1187\/2019\/11\/obres2.png\" alt=\"\" width=\"587\" height=\"441\" srcset=\"https:\/\/agora.xtec.cat\/ceip-molidevent\/wp-content\/uploads\/usu1187\/2019\/11\/obres2.png 754w, https:\/\/agora.xtec.cat\/ceip-molidevent\/wp-content\/uploads\/usu1187\/2019\/11\/obres2-300x225.png 300w, https:\/\/agora.xtec.cat\/ceip-molidevent\/wp-content\/uploads\/usu1187\/2019\/11\/obres2-200x150.png 200w\" sizes=\"auto, (max-width: 587px) 100vw, 587px\" \/> <img loading=\"lazy\" decoding=\"async\" class=\"wp-image-3219 alignleft\" src=\"https:\/\/agora.xtec.cat\/ceip-molidevent\/wp-content\/uploads\/usu1187\/2019\/11\/obres.png\" alt=\"\" width=\"583\" height=\"435\" srcset=\"https:\/\/agora.xtec.cat\/ceip-molidevent\/wp-content\/uploads\/usu1187\/2019\/11\/obres.png 754w, https:\/\/agora.xtec.cat\/ceip-molidevent\/wp-content\/uploads\/usu1187\/2019\/11\/obres-300x224.png 300w, https:\/\/agora.xtec.cat\/ceip-molidevent\/wp-content\/uploads\/usu1187\/2019\/11\/obres-200x150.png 200w\" sizes=\"auto, (max-width: 583px) 100vw, 583px\" \/><\/p>\n","protected":false},"excerpt":{"rendered":"<p>Les obres ja han acabat, a partir de divendres 22 de novembre les entrades i sortides d&#8217;educaci\u00f3 infantil tornen a la normalitat.<\/p>\n<p>&nbsp;<\/p>\n<p>&nbsp;<br \/>\nPer obres de millora, i fins nou av\u00eds, l&#8217;entrada dels alumnes d&#8217;educaci\u00f3 infantil es far\u00e0 pel p\u00e0rquing de l&#8217;escola.<\/p>\n","protected":false},"author":1,"featured_media":0,"comment_status":"closed","ping_status":"closed","sticky":false,"template":"","format":"standard","meta":{"_bbp_topic_count":0,"_bbp_reply_count":0,"_bbp_total_topic_count":0,"_bbp_total_reply_count":0,"_bbp_voice_count":0,"_bbp_anonymous_reply_count":0,"_bbp_topic_count_hidden":0,"_bbp_reply_count_hidden":0,"_bbp_forum_subforum_count":0,"footnotes":""},"categories":[114,1,2],"tags":[],"class_list":["post-3218","post","type-post","status-publish","format-standard","hentry","category-19-20","category-general","category-infantil"],"post_mailing_queue_ids":[],"_links":{"self":[{"href":"https:\/\/agora.xtec.cat\/ceip-molidevent\/wp-json\/wp\/v2\/posts\/3218","targetHints":{"allow":["GET"]}}],"collection":[{"href":"https:\/\/agora.xtec.cat\/ceip-molidevent\/wp-json\/wp\/v2\/posts"}],"about":[{"href":"https:\/\/agora.xtec.cat\/ceip-molidevent\/wp-json\/wp\/v2\/types\/post"}],"author":[{"embeddable":true,"href":"https:\/\/agora.xtec.cat\/ceip-molidevent\/wp-json\/wp\/v2\/users\/1"}],"replies":[{"embeddable":true,"href":"https:\/\/agora.xtec.cat\/ceip-molidevent\/wp-json\/wp\/v2\/comments?post=3218"}],"version-history":[{"count":3,"href":"https:\/\/agora.xtec.cat\/ceip-molidevent\/wp-json\/wp\/v2\/posts\/3218\/revisions"}],"predecessor-version":[{"id":3227,"href":"https:\/\/agora.xtec.cat\/ceip-molidevent\/wp-json\/wp\/v2\/posts\/3218\/revisions\/3227"}],"wp:attachment":[{"href":"https:\/\/agora.xtec.cat\/ceip-molidevent\/wp-json\/wp\/v2\/media?parent=3218"}],"wp:term":[{"taxonomy":"category","embeddable":true,"href":"https:\/\/agora.xtec.cat\/ceip-molidevent\/wp-json\/wp\/v2\/categories?post=3218"},{"taxonomy":"post_tag","embeddable":true,"href":"https:\/\/agora.xtec.cat\/ceip-molidevent\/wp-json\/wp\/v2\/tags?post=3218"}],"curies":[{"name":"wp","href":"https:\/\/api.w.org\/{rel}","templated":true}]}}