{"id":3170,"date":"2019-09-20T16:16:22","date_gmt":"2019-09-20T14:16:22","guid":{"rendered":"http:\/\/agora.xtec.cat\/ceip-molidevent\/?p=3170"},"modified":"2020-09-18T15:09:32","modified_gmt":"2020-09-18T13:09:32","slug":"activitats-extraescolars-curs-2019-20","status":"publish","type":"post","link":"https:\/\/agora.xtec.cat\/ceip-molidevent\/general\/activitats-extraescolars-curs-2019-20\/","title":{"rendered":"Activitats extraescolars curs 2019-20"},"content":{"rendered":"<p style=\"text-align: justify;\">Des de l\u2019AMPA us volem agrair la vostra confian\u00e7a en les activitats proposades pel curs 2019-2020. Aqu\u00ed teniu les activitats que us proposem, que comen\u00e7aran el proper 30 de setembre. Teniu en compte que son propostes que poden ser modificades per organitzaci\u00f3 de monitoratge i per assist\u00e8ncia de nens.<\/p>\n<ul>\n<li style=\"text-align: justify;\"><strong>Petits Enginyers:<\/strong> Vols construir el teu propi robot? Veure com funciona una impressora 3D? O saber com crear un videojoc? Una activitat extraescolar innovadora, que posa en contacte els joves amb les noves tecnologies i els impulsa a aprendre mitjan\u00e7ant l\u2019experimentaci\u00f3, el raonament i la diversi\u00f3.<br \/>\nL\u2019activitat desenvolupar\u00e0 diversos camps de l\u2019enginyeria i la ci\u00e8ncia, per tal que tothom pugui trobar la tem\u00e0tica que m\u00e9s el motiva a inventar!<\/li>\n<li style=\"text-align: justify;\"><strong>English Games:<\/strong> De P3 a P5. L\u2019activitat es centrar\u00e0 en la necessitat d\u2019esbarjo que tenen els infants en aquesta franja d\u2019edat, amb la \u00fanica difer\u00e8ncia que, a m\u00e9s del catal\u00e0 com a llengua vehicular, utilitzarem l\u2019angl\u00e8s; llengua amb la qual s\u2019aniran familiaritzant i assimilant d\u2019una manera natural i progressiva a trav\u00e9s del joc. S\u2019ofereix una activitat din\u00e0mica i divertida, a trav\u00e9s de jocs, can\u00e7ons i petites obres de teatre amb l\u2019objectiu de motivar als infants dels grups d\u2019infantil en l\u2019aprenentatge de la llengua anglesa.<\/li>\n<li style=\"text-align: justify;\"><strong>Speaking english:<\/strong> De 1r a 6\u00e8. S\u2019ofereix una activitat din\u00e0mica amb l\u2019objectiu de motivar als alumnes de prim\u00e0ria en l\u2019aprenentatge de la llengua, treballant amb activitats orals, di\u00e0legs i \u00e0udios entre d\u2019altres.<\/li>\n<li style=\"text-align: justify;\"><strong>Taller de Nacar (manualitats):<\/strong> De P3 a 6\u00e8. Aquesta activitat va dirigida a fer manualitats amb l\u2019objectiu de desenvolupar habilitats manuals aix\u00ed com la creativitat de cadasc\u00fa mitjan\u00e7ant materials diversos. Fomentar el respecte i treball en equip, i ajudar a aquelles persones que tenen alguna discapacitat f\u00edsica, ps\u00edquica o sensorial, a fomentar la seva autonomia.<\/li>\n<li style=\"text-align: justify;\"><strong>Multi Esports:<\/strong> De P3 a P5. L\u2019activitat va dirigida a iniciar nens\/as en diferents esports d\u2019equip amb la finalitat, a trav\u00e9s de la diversi\u00f3, de fomentar el respecte entre companys a m\u00e9s d\u2019adquirir un major domini t\u00e0ctic i t\u00e8cnic en les diferents esports.<\/li>\n<li style=\"text-align: justify;\"><strong>DansKids:<\/strong> De P3 a 2n. Formaci\u00f3 gen\u00e8rica de ball de tots els estils. Els nens\/es aprendran a moure\u2019s amb ritme, coordinaci\u00f3 i elasticitat. Treballaran ball modern, hip hop, ritmes llatins (rock&amp;roll, salsa, bachata..), jazz.. Activitat a c\u00e0rrec de l\u2019Acad\u00e8mia Dansclas d\u2019Altafulla.<\/li>\n<li style=\"text-align: justify;\"><strong>F\u00fatbol Sala:<\/strong> De P5 a 6\u00e8. La filosofia de l\u2019activitat \u00e9s diversi\u00f3 i aprenentatge. Ens divertim, per tant es posa voluntat positiva per aprendre. Segons l\u2019edat aprendrem nocions b\u00e0siques de f\u00fatbol sala, t\u00e8cnica individual, t\u00e0ctica col\u00b7lectiva, posicionament al camp i comportament individual i col\u00b7lectiu. Farem entrenaments, jocs i partits. Els partits seran alguns en horari d\u2019entrenament i un trimestral en cap de setmana (aquest no obligatori).<\/li>\n<li style=\"text-align: justify;\"><strong>Tennis<\/strong>: De P4 a 1r a l\u2019escola. Aquest curs pret\u00e9n ser una introducci\u00f3 a l\u2019esport del tennis. Pendrem contacte amb els elements, la pilota, la raqueta i l\u2019espai de joc; reconeixerem i crearem noves habilitats, aprendrem a col\u00b7laborar, desenvoluparem la velocitat i la flexibilitat, i tot aix\u00f2, divertint-nos molt.<\/li>\n<\/ul>\n<p>COM A NOVETAT: Els alumnes que, a partir de 2on fins a 6\u00e8, vulguin iniciar o <span style=\"font-family: inherit; font-size: 1em;\">continuar l\u2019activitat de tenis, podran fer-ho a les instal\u00b7lacions del Tenis <\/span><span style=\"font-family: inherit; font-size: 1em;\">Torredembarra amb un preu especial nom\u00e9s el primer any i per ser alumnes del Mol\u00ed de <\/span><span style=\"font-family: inherit; font-size: 1em;\">Vent. El preu ofertat \u00e9s 1 dia a la setmana 20 euros mensuals o 2 dies a la setmana <\/span><span style=\"font-family: inherit; font-size: 1em;\">37,50 euros.<\/span><\/p>\n<ul>\n<li style=\"text-align: justify;\"><strong>Balls urbans<\/strong>: De P4 a 6\u00e8. En aquesta activitat, indicada per nens i nenes, els alumnes realitzaran diferents moviments de Hip-Hop, amb els quals aprendran coreografies amb varis moviments a ritme de la m\u00fasica urbana.<\/li>\n<li style=\"text-align: justify;\"><strong>Karate:<\/strong> De 1r a 6\u00e8. Entrarem en la pr\u00e0ctica d\u2019aquest art marcial tradicional aprenen autodefensa, i valors com la disciplina i la humilitat. \u00c9s un immillorable m\u00e8tode per al desenvolupament f\u00edsic, encara que principalment es busca el desenvolupament de la personalitat i del car\u00e0cter del qui el practica.<\/li>\n<li style=\"text-align: justify;\"><strong>Teatre:<\/strong> De P4 a 6\u00e8. Es treballar\u00e0 de manera l\u00fadica a partir de jocs i activitats dirigides, perqu\u00e8 els infants aprenguin habilitats i disciplines com actuar davant el p\u00fablic, recitar correctament, cantar, expressar sentiments i a l\u2019hora poder compartir amb els companys bons moments. Tamb\u00e9 aprendr\u00e0 a con\u00e8ixer i respectar el seu propi cos.<\/li>\n<li style=\"text-align: justify;\"><strong>M\u00e0gia:<\/strong> De 3r a 6\u00e8. La extraescolar de m\u00e0gia t\u00e9 un enfocament molt particular, molt diferent de les classes tradicionals de m\u00e0gia que existeixen, on barregem creativitat i m\u00e0gia. Per qu\u00e8 aprendre M\u00e0gia? Augmenta l&#8217;autoestima, millora les relacions humanes i ajuda a desenvolupar les habilitats comunicatives (veu, mirada i llenguatge corporal) a m\u00e9s de molts altres beneficis.<\/li>\n<li style=\"text-align: justify;\"><strong>B\u00e0squet:<\/strong> De P5 a 6\u00e8. L\u2019activitat va dirigida a desenvolupar la personalitat dels infants, fomentar la cooperaci\u00f3, l\u2019amistat i el sentit esportiu. Donar als nens la possibilitat d\u2019expressar-se esportivament a trav\u00e9s del joc col\u00b7lectiu, en el que el sentit de companyerisme, sacrifici de grup i disciplina interna siguin prioritaris.<\/li>\n<\/ul>\n<h3 style=\"text-align: center;\">ACTIVITATS DE TARDA<\/h3>\n<p><img loading=\"lazy\" decoding=\"async\" class=\"aligncenter size-full wp-image-3166\" src=\"https:\/\/agora.xtec.cat\/ceip-molidevent\/wp-content\/uploads\/usu1187\/2019\/09\/extra.png\" alt=\"\" width=\"537\" height=\"879\" srcset=\"https:\/\/agora.xtec.cat\/ceip-molidevent\/wp-content\/uploads\/usu1187\/2019\/09\/extra.png 537w, https:\/\/agora.xtec.cat\/ceip-molidevent\/wp-content\/uploads\/usu1187\/2019\/09\/extra-183x300.png 183w\" sizes=\"auto, (max-width: 537px) 100vw, 537px\" \/><\/p>\n<p>&nbsp;<\/p>\n<h3 style=\"text-align: center;\">ACTIVITATS DE MIGDIA<\/h3>\n<p><img loading=\"lazy\" decoding=\"async\" class=\"aligncenter size-full wp-image-3167\" src=\"https:\/\/agora.xtec.cat\/ceip-molidevent\/wp-content\/uploads\/usu1187\/2019\/09\/extra-mati.png\" alt=\"\" width=\"537\" height=\"473\" srcset=\"https:\/\/agora.xtec.cat\/ceip-molidevent\/wp-content\/uploads\/usu1187\/2019\/09\/extra-mati.png 537w, https:\/\/agora.xtec.cat\/ceip-molidevent\/wp-content\/uploads\/usu1187\/2019\/09\/extra-mati-300x264.png 300w\" sizes=\"auto, (max-width: 537px) 100vw, 537px\" \/><\/p>\n<p>KARATE: Necessari portar una fotografia tipus carnet i fotoc\u00f2pia de la targeta sanit\u00e0ria.<\/p>\n<p><strong>Es demana un comprom\u00eds de 3 mesos en totes les activitats mensuals, excepte en casos de for\u00e7a major justificada.<\/strong><\/p>\n","protected":false},"excerpt":{"rendered":"<p>Des de l\u2019AMPA us volem agrair la vostra confian\u00e7a en les activitats proposades pel curs 2019-2020. Aqu\u00ed teniu les activitats que us proposem, que comen\u00e7aran el proper 30 de setembre. Teniu en compte que son propostes que poden ser modificades per organitzaci\u00f3 de monitoratge i&hellip;  <a href=\"https:\/\/agora.xtec.cat\/ceip-molidevent\/general\/activitats-extraescolars-curs-2019-20\/\" title=\"Read Activitats extraescolars curs 2019-20\">Llegeix m\u00e9s\u00bb<\/a><\/p>\n","protected":false},"author":1,"featured_media":3166,"comment_status":"closed","ping_status":"closed","sticky":false,"template":"","format":"standard","meta":{"_bbp_topic_count":0,"_bbp_reply_count":0,"_bbp_total_topic_count":0,"_bbp_total_reply_count":0,"_bbp_voice_count":0,"_bbp_anonymous_reply_count":0,"_bbp_topic_count_hidden":0,"_bbp_reply_count_hidden":0,"_bbp_forum_subforum_count":0,"footnotes":""},"categories":[114,1,2,5],"tags":[],"class_list":["post-3170","post","type-post","status-publish","format-standard","has-post-thumbnail","hentry","category-19-20","category-general","category-infantil","category-primaria"],"post_mailing_queue_ids":[],"_links":{"self":[{"href":"https:\/\/agora.xtec.cat\/ceip-molidevent\/wp-json\/wp\/v2\/posts\/3170","targetHints":{"allow":["GET"]}}],"collection":[{"href":"https:\/\/agora.xtec.cat\/ceip-molidevent\/wp-json\/wp\/v2\/posts"}],"about":[{"href":"https:\/\/agora.xtec.cat\/ceip-molidevent\/wp-json\/wp\/v2\/types\/post"}],"author":[{"embeddable":true,"href":"https:\/\/agora.xtec.cat\/ceip-molidevent\/wp-json\/wp\/v2\/users\/1"}],"replies":[{"embeddable":true,"href":"https:\/\/agora.xtec.cat\/ceip-molidevent\/wp-json\/wp\/v2\/comments?post=3170"}],"version-history":[{"count":1,"href":"https:\/\/agora.xtec.cat\/ceip-molidevent\/wp-json\/wp\/v2\/posts\/3170\/revisions"}],"predecessor-version":[{"id":3171,"href":"https:\/\/agora.xtec.cat\/ceip-molidevent\/wp-json\/wp\/v2\/posts\/3170\/revisions\/3171"}],"wp:featuredmedia":[{"embeddable":true,"href":"https:\/\/agora.xtec.cat\/ceip-molidevent\/wp-json\/wp\/v2\/media\/3166"}],"wp:attachment":[{"href":"https:\/\/agora.xtec.cat\/ceip-molidevent\/wp-json\/wp\/v2\/media?parent=3170"}],"wp:term":[{"taxonomy":"category","embeddable":true,"href":"https:\/\/agora.xtec.cat\/ceip-molidevent\/wp-json\/wp\/v2\/categories?post=3170"},{"taxonomy":"post_tag","embeddable":true,"href":"https:\/\/agora.xtec.cat\/ceip-molidevent\/wp-json\/wp\/v2\/tags?post=3170"}],"curies":[{"name":"wp","href":"https:\/\/api.w.org\/{rel}","templated":true}]}}