{"id":3099,"date":"2019-05-03T15:23:40","date_gmt":"2019-05-03T13:23:40","guid":{"rendered":"http:\/\/agora.xtec.cat\/ceip-molidevent\/?p=3099"},"modified":"2020-09-08T16:20:14","modified_gmt":"2020-09-08T14:20:14","slug":"certamen-de-lectura-en-veu-alta-a-tarragona","status":"publish","type":"post","link":"https:\/\/agora.xtec.cat\/ceip-molidevent\/general\/certamen-de-lectura-en-veu-alta-a-tarragona\/","title":{"rendered":"Certamen de lectura en veu alta a Tarragona"},"content":{"rendered":"<p><sub>El dia 3 d\u2019abril del 2019, vaig anar al Caixaforum (Tarragona), perqu\u00e8 all\u00ed, es celebrava el XV certamen de lectura en veu alta. Com que vaig quedar representant de cicle superior a la final de l&#8217;escola, hem tocava anar-hi, i representar al cicle superior del Mol\u00ed de Vent.<\/sub><\/p>\n\n\t\t<style type=\"text\/css\">\n\t\t\t#gallery-1 {\n\t\t\t\tmargin: auto;\n\t\t\t}\n\t\t\t#gallery-1 .gallery-item {\n\t\t\t\tfloat: left;\n\t\t\t\tmargin-top: 10px;\n\t\t\t\ttext-align: center;\n\t\t\t\twidth: 33%;\n\t\t\t}\n\t\t\t#gallery-1 img {\n\t\t\t\tborder: 2px solid #cfcfcf;\n\t\t\t}\n\t\t\t#gallery-1 .gallery-caption {\n\t\t\t\tmargin-left: 0;\n\t\t\t}\n\t\t\t\/* see gallery_shortcode() in wp-includes\/media.php *\/\n\t\t<\/style>\n\t\t<div id='gallery-1' class='gallery galleryid-3099 gallery-columns-3 gallery-size-large'><dl class='gallery-item'>\n\t\t\t<dt class='gallery-icon landscape'>\n\t\t\t\t<a href='https:\/\/agora.xtec.cat\/ceip-molidevent\/general\/certamen-de-lectura-en-veu-alta-a-tarragona\/attachment\/lectura\/'><img loading=\"lazy\" decoding=\"async\" width=\"957\" height=\"531\" src=\"https:\/\/agora.xtec.cat\/ceip-molidevent\/wp-content\/uploads\/usu1187\/2019\/04\/lectura.png\" class=\"attachment-large size-large\" alt=\"\" srcset=\"https:\/\/agora.xtec.cat\/ceip-molidevent\/wp-content\/uploads\/usu1187\/2019\/04\/lectura.png 957w, https:\/\/agora.xtec.cat\/ceip-molidevent\/wp-content\/uploads\/usu1187\/2019\/04\/lectura-300x166.png 300w, https:\/\/agora.xtec.cat\/ceip-molidevent\/wp-content\/uploads\/usu1187\/2019\/04\/lectura-768x426.png 768w\" sizes=\"auto, (max-width: 957px) 100vw, 957px\" \/><\/a>\n\t\t\t<\/dt><\/dl><dl class='gallery-item'>\n\t\t\t<dt class='gallery-icon portrait'>\n\t\t\t\t<a href='https:\/\/agora.xtec.cat\/ceip-molidevent\/general\/certamen-de-lectura-en-veu-alta-a-tarragona\/attachment\/lectura2\/'><img loading=\"lazy\" decoding=\"async\" width=\"414\" height=\"538\" src=\"https:\/\/agora.xtec.cat\/ceip-molidevent\/wp-content\/uploads\/usu1187\/2019\/04\/lectura2.png\" class=\"attachment-large size-large\" alt=\"\" srcset=\"https:\/\/agora.xtec.cat\/ceip-molidevent\/wp-content\/uploads\/usu1187\/2019\/04\/lectura2.png 414w, https:\/\/agora.xtec.cat\/ceip-molidevent\/wp-content\/uploads\/usu1187\/2019\/04\/lectura2-231x300.png 231w\" sizes=\"auto, (max-width: 414px) 100vw, 414px\" \/><\/a>\n\t\t\t<\/dt><\/dl>\n\t\t\t<br style='clear: both' \/>\n\t\t<\/div>\n\n<p style=\"text-align: justify;\"><sub>A les 8.30 h. del mat\u00ed, estava de cam\u00ed a Tarragona, i quan vaig arribar, em vaig sentar amb la meva tutora, l&#8217;\u00c0ngela, i la meva mare. Em va tocar llegir al grup 1, per tant, vaig sortir a llegir de les primeres. Encara que vaig llegir bastant b\u00e8, no vaig quedar finalista, per tant, no haur\u00e9 d&#8217;asistir a la semifinal de Tarragona.<br \/>\nDe premi per haver participat em van donar: Un diploma, dos llibres i dos vals per visitar el Caixaforum; un per mi, i un altre per al meu company i suplent, l&#8217;Arnau Alom\u00e0.<\/sub><\/p>\n<pre style=\"text-align: justify;\"><sub>Marina 5\u00e8 B\r\n\r\n\u00a0\u00a0\u00a0<\/sub><\/pre>\n","protected":false},"excerpt":{"rendered":"<p>El dia 3 d\u2019abril del 2019, vaig anar al Caixaforum (Tarragona), perqu\u00e8 all\u00ed, es celebrava el XV certamen de lectura en veu alta. Com que vaig quedar representant de cicle superior a la final de l&#8217;escola, hem tocava anar-hi, i representar al cicle superior del&hellip;  <a href=\"https:\/\/agora.xtec.cat\/ceip-molidevent\/general\/certamen-de-lectura-en-veu-alta-a-tarragona\/\" title=\"Read Certamen de lectura en veu alta a Tarragona\">Llegeix m\u00e9s\u00bb<\/a><\/p>\n","protected":false},"author":1,"featured_media":0,"comment_status":"closed","ping_status":"closed","sticky":false,"template":"","format":"standard","meta":{"_bbp_topic_count":0,"_bbp_reply_count":0,"_bbp_total_topic_count":0,"_bbp_total_reply_count":0,"_bbp_voice_count":0,"_bbp_anonymous_reply_count":0,"_bbp_topic_count_hidden":0,"_bbp_reply_count_hidden":0,"_bbp_forum_subforum_count":0,"footnotes":""},"categories":[112,14,1,5,26],"tags":[],"class_list":["post-3099","post","type-post","status-publish","format-standard","hentry","category-18-19","category-5e","category-general","category-primaria","category-cicle-superior"],"post_mailing_queue_ids":[],"_links":{"self":[{"href":"https:\/\/agora.xtec.cat\/ceip-molidevent\/wp-json\/wp\/v2\/posts\/3099","targetHints":{"allow":["GET"]}}],"collection":[{"href":"https:\/\/agora.xtec.cat\/ceip-molidevent\/wp-json\/wp\/v2\/posts"}],"about":[{"href":"https:\/\/agora.xtec.cat\/ceip-molidevent\/wp-json\/wp\/v2\/types\/post"}],"author":[{"embeddable":true,"href":"https:\/\/agora.xtec.cat\/ceip-molidevent\/wp-json\/wp\/v2\/users\/1"}],"replies":[{"embeddable":true,"href":"https:\/\/agora.xtec.cat\/ceip-molidevent\/wp-json\/wp\/v2\/comments?post=3099"}],"version-history":[{"count":3,"href":"https:\/\/agora.xtec.cat\/ceip-molidevent\/wp-json\/wp\/v2\/posts\/3099\/revisions"}],"predecessor-version":[{"id":3109,"href":"https:\/\/agora.xtec.cat\/ceip-molidevent\/wp-json\/wp\/v2\/posts\/3099\/revisions\/3109"}],"wp:attachment":[{"href":"https:\/\/agora.xtec.cat\/ceip-molidevent\/wp-json\/wp\/v2\/media?parent=3099"}],"wp:term":[{"taxonomy":"category","embeddable":true,"href":"https:\/\/agora.xtec.cat\/ceip-molidevent\/wp-json\/wp\/v2\/categories?post=3099"},{"taxonomy":"post_tag","embeddable":true,"href":"https:\/\/agora.xtec.cat\/ceip-molidevent\/wp-json\/wp\/v2\/tags?post=3099"}],"curies":[{"name":"wp","href":"https:\/\/api.w.org\/{rel}","templated":true}]}}