{"id":2987,"date":"2019-02-04T08:39:44","date_gmt":"2019-02-04T07:39:44","guid":{"rendered":"http:\/\/agora.xtec.cat\/ceip-molidevent\/?p=2987"},"modified":"2019-02-04T08:40:18","modified_gmt":"2019-02-04T07:40:18","slug":"nadales-a-la-residencia-pere-badia","status":"publish","type":"post","link":"https:\/\/agora.xtec.cat\/ceip-molidevent\/primaria\/nadales-a-la-residencia-pere-badia\/","title":{"rendered":"NADALES A LA RESID\u00c8NCIA PERE BADIA"},"content":{"rendered":"<p><a href=\"https:\/\/agora.xtec.cat\/ceip-molidevent\/wp-content\/uploads\/usu1187\/2019\/02\/FB_IMG_1549021204661.jpg\"><img loading=\"lazy\" decoding=\"async\" class=\"alignnone size-full wp-image-2988\" src=\"https:\/\/agora.xtec.cat\/ceip-molidevent\/wp-content\/uploads\/usu1187\/2019\/02\/FB_IMG_1549021204661.jpg\" alt=\"\" width=\"720\" height=\"540\" srcset=\"https:\/\/agora.xtec.cat\/ceip-molidevent\/wp-content\/uploads\/usu1187\/2019\/02\/FB_IMG_1549021204661.jpg 720w, https:\/\/agora.xtec.cat\/ceip-molidevent\/wp-content\/uploads\/usu1187\/2019\/02\/FB_IMG_1549021204661-300x225.jpg 300w, https:\/\/agora.xtec.cat\/ceip-molidevent\/wp-content\/uploads\/usu1187\/2019\/02\/FB_IMG_1549021204661-200x150.jpg 200w\" sizes=\"auto, (max-width: 720px) 100vw, 720px\" \/><\/a><\/p>\n<p>El passat mes de desembre, els alumnes de quart van visitar els avis i les \u00e0vies de la Fundaci\u00f3 Pere Badia. A part d&#8217;intercanviar presents amb els avis i \u00e0vies, els nens i les nens van representar un espectacle basat en les can\u00e7ons de Nadal de tota la vida. La imatge est\u00e0 extreta del web de la Fundaci\u00f3 Pere Badia.<\/p>\n","protected":false},"excerpt":{"rendered":"<p><a href=\"https:\/\/agora.xtec.cat\/ceip-molidevent\/wp-content\/uploads\/usu1187\/2019\/02\/FB_IMG_1549021204661.jpg\"><\/a><br \/>\nEl passat mes de desembre, els alumnes de quart van visitar els avis i les \u00e0vies de la Fundaci\u00f3 Pere Badia. A part d&#8217;intercanviar presents amb els avis i \u00e0vies, els nens i les nens van representar un espectacle basat en les can\u00e7ons de&hellip;  <a href=\"https:\/\/agora.xtec.cat\/ceip-molidevent\/primaria\/nadales-a-la-residencia-pere-badia\/\" title=\"Read NADALES A LA RESID\u00c8NCIA PERE BADIA\">Llegeix m\u00e9s\u00bb<\/a><\/p>\n","protected":false},"author":1,"featured_media":0,"comment_status":"closed","ping_status":"closed","sticky":false,"template":"","format":"standard","meta":{"_bbp_topic_count":0,"_bbp_reply_count":0,"_bbp_total_topic_count":0,"_bbp_total_reply_count":0,"_bbp_voice_count":0,"_bbp_anonymous_reply_count":0,"_bbp_topic_count_hidden":0,"_bbp_reply_count_hidden":0,"_bbp_forum_subforum_count":0,"footnotes":""},"categories":[112,13,99,68,5,78],"tags":[],"class_list":["post-2987","post","type-post","status-publish","format-standard","hentry","category-18-19","category-4t","category-festes","category-musica","category-primaria","category-cicle-mitja"],"post_mailing_queue_ids":[],"_links":{"self":[{"href":"https:\/\/agora.xtec.cat\/ceip-molidevent\/wp-json\/wp\/v2\/posts\/2987","targetHints":{"allow":["GET"]}}],"collection":[{"href":"https:\/\/agora.xtec.cat\/ceip-molidevent\/wp-json\/wp\/v2\/posts"}],"about":[{"href":"https:\/\/agora.xtec.cat\/ceip-molidevent\/wp-json\/wp\/v2\/types\/post"}],"author":[{"embeddable":true,"href":"https:\/\/agora.xtec.cat\/ceip-molidevent\/wp-json\/wp\/v2\/users\/1"}],"replies":[{"embeddable":true,"href":"https:\/\/agora.xtec.cat\/ceip-molidevent\/wp-json\/wp\/v2\/comments?post=2987"}],"version-history":[{"count":2,"href":"https:\/\/agora.xtec.cat\/ceip-molidevent\/wp-json\/wp\/v2\/posts\/2987\/revisions"}],"predecessor-version":[{"id":2990,"href":"https:\/\/agora.xtec.cat\/ceip-molidevent\/wp-json\/wp\/v2\/posts\/2987\/revisions\/2990"}],"wp:attachment":[{"href":"https:\/\/agora.xtec.cat\/ceip-molidevent\/wp-json\/wp\/v2\/media?parent=2987"}],"wp:term":[{"taxonomy":"category","embeddable":true,"href":"https:\/\/agora.xtec.cat\/ceip-molidevent\/wp-json\/wp\/v2\/categories?post=2987"},{"taxonomy":"post_tag","embeddable":true,"href":"https:\/\/agora.xtec.cat\/ceip-molidevent\/wp-json\/wp\/v2\/tags?post=2987"}],"curies":[{"name":"wp","href":"https:\/\/api.w.org\/{rel}","templated":true}]}}