{"id":2975,"date":"2019-02-01T12:52:53","date_gmt":"2019-02-01T11:52:53","guid":{"rendered":"http:\/\/agora.xtec.cat\/ceip-molidevent\/?p=2975"},"modified":"2019-02-04T08:36:05","modified_gmt":"2019-02-04T07:36:05","slug":"el-moli-de-vent-va-participar-als-actes-de-santa-cecilia","status":"publish","type":"post","link":"https:\/\/agora.xtec.cat\/ceip-molidevent\/general\/el-moli-de-vent-va-participar-als-actes-de-santa-cecilia\/","title":{"rendered":"EL MOL\u00cd DE VENT VA PARTICIPAR ALS ACTES DE SANTA CEC\u00cdLIA"},"content":{"rendered":"<p><a href=\"https:\/\/agora.xtec.cat\/ceip-molidevent\/wp-content\/uploads\/usu1187\/2019\/02\/FB_IMG_1549021310235.jpg\"><img loading=\"lazy\" decoding=\"async\" class=\"alignnone size-large wp-image-2976\" src=\"https:\/\/agora.xtec.cat\/ceip-molidevent\/wp-content\/uploads\/usu1187\/2019\/02\/FB_IMG_1549021310235-1024x768.jpg\" alt=\"\" width=\"1024\" height=\"768\" srcset=\"https:\/\/agora.xtec.cat\/ceip-molidevent\/wp-content\/uploads\/usu1187\/2019\/02\/FB_IMG_1549021310235-1024x768.jpg 1024w, https:\/\/agora.xtec.cat\/ceip-molidevent\/wp-content\/uploads\/usu1187\/2019\/02\/FB_IMG_1549021310235-300x225.jpg 300w, https:\/\/agora.xtec.cat\/ceip-molidevent\/wp-content\/uploads\/usu1187\/2019\/02\/FB_IMG_1549021310235-768x576.jpg 768w, https:\/\/agora.xtec.cat\/ceip-molidevent\/wp-content\/uploads\/usu1187\/2019\/02\/FB_IMG_1549021310235-200x150.jpg 200w, https:\/\/agora.xtec.cat\/ceip-molidevent\/wp-content\/uploads\/usu1187\/2019\/02\/FB_IMG_1549021310235.jpg 1280w\" sizes=\"auto, (max-width: 1024px) 100vw, 1024px\" \/><\/a>Una bona colla d&#8217;alumnes de segon de l&#8217;Escola Mol\u00ed de Vent van participar el passat 20 de novembre als actes organitzats per l&#8217;Escola Municipal de M\u00fasica en motiu de Santa Cec\u00edlia, la patrona de la m\u00fasica. Les tres escoles de prim\u00e0ria del municipi van ser convidades al concert col\u00b7lectiu de la pla\u00e7a de la Font i a les activitats pr\u00e8vies realitzades al Patronat Antoni Roig. La imatge est\u00e0 extreta del web de la regidoria d&#8217;Ensenyament de l&#8217;Ajuntament de Torredembarra.<\/p>\n","protected":false},"excerpt":{"rendered":"<p><a href=\"https:\/\/agora.xtec.cat\/ceip-molidevent\/wp-content\/uploads\/usu1187\/2019\/02\/FB_IMG_1549021310235.jpg\"><\/a>Una bona colla d&#8217;alumnes de segon de l&#8217;Escola Mol\u00ed de Vent van participar el passat 20 de novembre als actes organitzats per l&#8217;Escola Municipal de M\u00fasica en motiu de Santa Cec\u00edlia, la patrona de la m\u00fasica. Les tres escoles de prim\u00e0ria del municipi van&hellip;  <a href=\"https:\/\/agora.xtec.cat\/ceip-molidevent\/general\/el-moli-de-vent-va-participar-als-actes-de-santa-cecilia\/\" title=\"Read EL MOL\u00cd DE VENT VA PARTICIPAR ALS ACTES DE SANTA CEC\u00cdLIA\">Llegeix m\u00e9s\u00bb<\/a><\/p>\n","protected":false},"author":1,"featured_media":0,"comment_status":"closed","ping_status":"closed","sticky":false,"template":"","format":"standard","meta":{"_bbp_topic_count":0,"_bbp_reply_count":0,"_bbp_total_topic_count":0,"_bbp_total_reply_count":0,"_bbp_voice_count":0,"_bbp_anonymous_reply_count":0,"_bbp_topic_count_hidden":0,"_bbp_reply_count_hidden":0,"_bbp_forum_subforum_count":0,"footnotes":""},"categories":[112,11,99,1,68],"tags":[],"class_list":["post-2975","post","type-post","status-publish","format-standard","hentry","category-18-19","category-2n","category-festes","category-general","category-musica"],"post_mailing_queue_ids":[],"_links":{"self":[{"href":"https:\/\/agora.xtec.cat\/ceip-molidevent\/wp-json\/wp\/v2\/posts\/2975","targetHints":{"allow":["GET"]}}],"collection":[{"href":"https:\/\/agora.xtec.cat\/ceip-molidevent\/wp-json\/wp\/v2\/posts"}],"about":[{"href":"https:\/\/agora.xtec.cat\/ceip-molidevent\/wp-json\/wp\/v2\/types\/post"}],"author":[{"embeddable":true,"href":"https:\/\/agora.xtec.cat\/ceip-molidevent\/wp-json\/wp\/v2\/users\/1"}],"replies":[{"embeddable":true,"href":"https:\/\/agora.xtec.cat\/ceip-molidevent\/wp-json\/wp\/v2\/comments?post=2975"}],"version-history":[{"count":3,"href":"https:\/\/agora.xtec.cat\/ceip-molidevent\/wp-json\/wp\/v2\/posts\/2975\/revisions"}],"predecessor-version":[{"id":2979,"href":"https:\/\/agora.xtec.cat\/ceip-molidevent\/wp-json\/wp\/v2\/posts\/2975\/revisions\/2979"}],"wp:attachment":[{"href":"https:\/\/agora.xtec.cat\/ceip-molidevent\/wp-json\/wp\/v2\/media?parent=2975"}],"wp:term":[{"taxonomy":"category","embeddable":true,"href":"https:\/\/agora.xtec.cat\/ceip-molidevent\/wp-json\/wp\/v2\/categories?post=2975"},{"taxonomy":"post_tag","embeddable":true,"href":"https:\/\/agora.xtec.cat\/ceip-molidevent\/wp-json\/wp\/v2\/tags?post=2975"}],"curies":[{"name":"wp","href":"https:\/\/api.w.org\/{rel}","templated":true}]}}