{"id":2846,"date":"2018-10-23T10:26:19","date_gmt":"2018-10-23T08:26:19","guid":{"rendered":"http:\/\/agora.xtec.cat\/ceip-molidevent\/?p=2846"},"modified":"2020-09-08T16:21:53","modified_gmt":"2020-09-08T14:21:53","slug":"6e-visitem-tv3","status":"publish","type":"post","link":"https:\/\/agora.xtec.cat\/ceip-molidevent\/general\/6e-visitem-tv3\/","title":{"rendered":"6\u00e8: visitem TV3"},"content":{"rendered":"<p>L\u00b4ALTRA \u00a0CARA DE LA TELEVISI\u00d3<\/p>\n<p>El passat dijous 4 d&#8217;octubre vam anar d\u00b4excursi\u00f3 a TV3. En arribar vam esmorzar, m\u00e9s tard vam entrar al recinte, all\u00e0 ens esperava una noia que ens va fer de guia i ens va ensenyar la sala de control, els estudis de gravaci\u00f3, els camerinos, la sala de maquillatge, la de perruqueria i els armaris amb les diferents vestimentes. Tamb\u00e9 van triar a cinc alumnes, \u00a0ja que el divendres seria el dia dels mestres i volien saber, quin era el mestre o la mestra ideal per a ells i gravar les seves opinions pel programa de<strong> <a href=\"http:\/\/www.ccma.cat\/tv3\/super3\/infok\/infok-04102018\/video\/5789853\/\" target=\"_blank\" rel=\"noopener noreferrer\">l&#8217;Infok<\/a> <\/strong>de l&#8217;endem\u00e0. M\u00e9s tard\u00a0 ens van\u00a0 portar a una sala on ens van explicar com funcionava el programa i ens van posar un reportatge del dia anterior, despr\u00e9s vam fer grups per explicar una not\u00edcia basada en fets reals, tamb\u00e9 ens van preguntar quin g\u00e8nere musical ens agradava m\u00e9s.<\/p>\n<p>Despr\u00e9s de la visita vam anar a dinar i a esperar l&#8217;autob\u00fas per anar cap a l&#8217;escola.<\/p>\n<p>El que m\u00e9s ens va agradar va ser veure els plat\u00f3s on es fan els programes perqu\u00e8 eren molt diferent del que veiem dia a dia per la televisi\u00f3.<\/p>\n<pre>                        Lluna Tatay i\u00a0Sara el Meziani\r\n\r\n\r\n<\/pre>\n\n\t\t<style type=\"text\/css\">\n\t\t\t#gallery-1 {\n\t\t\t\tmargin: auto;\n\t\t\t}\n\t\t\t#gallery-1 .gallery-item {\n\t\t\t\tfloat: left;\n\t\t\t\tmargin-top: 10px;\n\t\t\t\ttext-align: center;\n\t\t\t\twidth: 50%;\n\t\t\t}\n\t\t\t#gallery-1 img {\n\t\t\t\tborder: 2px solid #cfcfcf;\n\t\t\t}\n\t\t\t#gallery-1 .gallery-caption {\n\t\t\t\tmargin-left: 0;\n\t\t\t}\n\t\t\t\/* see gallery_shortcode() in wp-includes\/media.php *\/\n\t\t<\/style>\n\t\t<div id='gallery-1' class='gallery galleryid-2846 gallery-columns-2 gallery-size-large'><dl class='gallery-item'>\n\t\t\t<dt class='gallery-icon landscape'>\n\t\t\t\t<a href='https:\/\/agora.xtec.cat\/ceip-molidevent\/general\/6e-visitem-tv3\/attachment\/1-18\/'><img loading=\"lazy\" decoding=\"async\" width=\"747\" height=\"548\" src=\"https:\/\/agora.xtec.cat\/ceip-molidevent\/wp-content\/uploads\/usu1187\/2018\/10\/1.png\" class=\"attachment-large size-large\" alt=\"\" srcset=\"https:\/\/agora.xtec.cat\/ceip-molidevent\/wp-content\/uploads\/usu1187\/2018\/10\/1.png 747w, https:\/\/agora.xtec.cat\/ceip-molidevent\/wp-content\/uploads\/usu1187\/2018\/10\/1-300x220.png 300w\" sizes=\"auto, (max-width: 747px) 100vw, 747px\" \/><\/a>\n\t\t\t<\/dt><\/dl><dl class='gallery-item'>\n\t\t\t<dt class='gallery-icon landscape'>\n\t\t\t\t<a href='https:\/\/agora.xtec.cat\/ceip-molidevent\/general\/6e-visitem-tv3\/attachment\/3-10\/'><img loading=\"lazy\" decoding=\"async\" width=\"754\" height=\"551\" src=\"https:\/\/agora.xtec.cat\/ceip-molidevent\/wp-content\/uploads\/usu1187\/2018\/10\/3.png\" class=\"attachment-large size-large\" alt=\"\" srcset=\"https:\/\/agora.xtec.cat\/ceip-molidevent\/wp-content\/uploads\/usu1187\/2018\/10\/3.png 754w, https:\/\/agora.xtec.cat\/ceip-molidevent\/wp-content\/uploads\/usu1187\/2018\/10\/3-300x219.png 300w\" sizes=\"auto, (max-width: 754px) 100vw, 754px\" \/><\/a>\n\t\t\t<\/dt><\/dl><br style=\"clear: both\" \/><dl class='gallery-item'>\n\t\t\t<dt class='gallery-icon landscape'>\n\t\t\t\t<a href='https:\/\/agora.xtec.cat\/ceip-molidevent\/general\/6e-visitem-tv3\/attachment\/4-8\/'><img loading=\"lazy\" decoding=\"async\" width=\"881\" height=\"487\" src=\"https:\/\/agora.xtec.cat\/ceip-molidevent\/wp-content\/uploads\/usu1187\/2018\/10\/4.png\" class=\"attachment-large size-large\" alt=\"\" srcset=\"https:\/\/agora.xtec.cat\/ceip-molidevent\/wp-content\/uploads\/usu1187\/2018\/10\/4.png 881w, https:\/\/agora.xtec.cat\/ceip-molidevent\/wp-content\/uploads\/usu1187\/2018\/10\/4-300x166.png 300w, https:\/\/agora.xtec.cat\/ceip-molidevent\/wp-content\/uploads\/usu1187\/2018\/10\/4-768x425.png 768w\" sizes=\"auto, (max-width: 881px) 100vw, 881px\" \/><\/a>\n\t\t\t<\/dt><\/dl><dl class='gallery-item'>\n\t\t\t<dt class='gallery-icon landscape'>\n\t\t\t\t<a href='https:\/\/agora.xtec.cat\/ceip-molidevent\/general\/6e-visitem-tv3\/attachment\/captura-86\/'><img loading=\"lazy\" decoding=\"async\" width=\"754\" height=\"478\" src=\"https:\/\/agora.xtec.cat\/ceip-molidevent\/wp-content\/uploads\/usu1187\/2018\/10\/Captura.png\" class=\"attachment-large size-large\" alt=\"\" srcset=\"https:\/\/agora.xtec.cat\/ceip-molidevent\/wp-content\/uploads\/usu1187\/2018\/10\/Captura.png 754w, https:\/\/agora.xtec.cat\/ceip-molidevent\/wp-content\/uploads\/usu1187\/2018\/10\/Captura-300x190.png 300w\" sizes=\"auto, (max-width: 754px) 100vw, 754px\" \/><\/a>\n\t\t\t<\/dt><\/dl><br style=\"clear: both\" \/>\n\t\t<\/div>\n\n<p>&nbsp;<\/p>\n","protected":false},"excerpt":{"rendered":"<p>Els alumnes de 6\u00e8 vam visitar les instalacions de TV3 el passat dijous 4 d&#8217;octubre&#8230;.&hellip;  <a href=\"https:\/\/agora.xtec.cat\/ceip-molidevent\/general\/6e-visitem-tv3\/\" title=\"Read 6\u00e8: visitem TV3\">Llegeix m\u00e9s\u00bb<\/a><\/p>\n","protected":false},"author":1,"featured_media":0,"comment_status":"closed","ping_status":"closed","sticky":false,"template":"","format":"standard","meta":{"_bbp_topic_count":0,"_bbp_reply_count":0,"_bbp_total_topic_count":0,"_bbp_total_reply_count":0,"_bbp_voice_count":0,"_bbp_anonymous_reply_count":0,"_bbp_topic_count_hidden":0,"_bbp_reply_count_hidden":0,"_bbp_forum_subforum_count":0,"footnotes":""},"categories":[112,15,1,5,26],"tags":[76,33,16],"class_list":["post-2846","post","type-post","status-publish","format-standard","hentry","category-18-19","category-6e","category-general","category-primaria","category-cicle-superior","tag-cicle-superior","tag-sise","tag-sortides"],"post_mailing_queue_ids":[],"_links":{"self":[{"href":"https:\/\/agora.xtec.cat\/ceip-molidevent\/wp-json\/wp\/v2\/posts\/2846","targetHints":{"allow":["GET"]}}],"collection":[{"href":"https:\/\/agora.xtec.cat\/ceip-molidevent\/wp-json\/wp\/v2\/posts"}],"about":[{"href":"https:\/\/agora.xtec.cat\/ceip-molidevent\/wp-json\/wp\/v2\/types\/post"}],"author":[{"embeddable":true,"href":"https:\/\/agora.xtec.cat\/ceip-molidevent\/wp-json\/wp\/v2\/users\/1"}],"replies":[{"embeddable":true,"href":"https:\/\/agora.xtec.cat\/ceip-molidevent\/wp-json\/wp\/v2\/comments?post=2846"}],"version-history":[{"count":3,"href":"https:\/\/agora.xtec.cat\/ceip-molidevent\/wp-json\/wp\/v2\/posts\/2846\/revisions"}],"predecessor-version":[{"id":3654,"href":"https:\/\/agora.xtec.cat\/ceip-molidevent\/wp-json\/wp\/v2\/posts\/2846\/revisions\/3654"}],"wp:attachment":[{"href":"https:\/\/agora.xtec.cat\/ceip-molidevent\/wp-json\/wp\/v2\/media?parent=2846"}],"wp:term":[{"taxonomy":"category","embeddable":true,"href":"https:\/\/agora.xtec.cat\/ceip-molidevent\/wp-json\/wp\/v2\/categories?post=2846"},{"taxonomy":"post_tag","embeddable":true,"href":"https:\/\/agora.xtec.cat\/ceip-molidevent\/wp-json\/wp\/v2\/tags?post=2846"}],"curies":[{"name":"wp","href":"https:\/\/api.w.org\/{rel}","templated":true}]}}