{"id":2832,"date":"2018-09-24T09:06:35","date_gmt":"2018-09-24T07:06:35","guid":{"rendered":"http:\/\/agora.xtec.cat\/ceip-molidevent\/?p=2832"},"modified":"2020-09-08T16:22:16","modified_gmt":"2020-09-08T14:22:16","slug":"classes-dinstrument-musical-al-migdia","status":"publish","type":"post","link":"https:\/\/agora.xtec.cat\/ceip-molidevent\/general\/classes-dinstrument-musical-al-migdia\/","title":{"rendered":"CLASSES D&#8217;INSTRUMENT MUSICAL AL MIGDIA"},"content":{"rendered":"<p><a href=\"http:\/\/agora.xtec.cat\/ceip-molidevent\/wp-content\/uploads\/usu1187\/2018\/09\/40470529_1468976896568038_3624917664423477248_n.jpg\"><img loading=\"lazy\" decoding=\"async\" class=\"alignnone wp-image-2833\" src=\"http:\/\/agora.xtec.cat\/ceip-molidevent\/wp-content\/uploads\/usu1187\/2018\/09\/40470529_1468976896568038_3624917664423477248_n.jpg\" alt=\"\" width=\"601\" height=\"851\" srcset=\"https:\/\/agora.xtec.cat\/ceip-molidevent\/wp-content\/uploads\/usu1187\/2018\/09\/40470529_1468976896568038_3624917664423477248_n.jpg 678w, https:\/\/agora.xtec.cat\/ceip-molidevent\/wp-content\/uploads\/usu1187\/2018\/09\/40470529_1468976896568038_3624917664423477248_n-212x300.jpg 212w\" sizes=\"auto, (max-width: 601px) 100vw, 601px\" \/><\/a><\/p>\n<p>Aquest ser\u00e0 el tercer curs que els alumnes del Mol\u00ed de Vent poden aprendre a tocar un instrument musical a l\u2019hora del menjador. Aix\u00f2 \u00e9s possible gr\u00e0cies a la feina de l\u2019Escola Municipal de M\u00fasica de Torredembarra (EMMT). Els alumnes de l\u2019Escola Mol\u00ed de Vent que estan matriculats a l\u2019EMMT poden gaudir de les classes d\u2019instrument al migdia. S\u00f3n els professors de l\u2019Escola de M\u00fasica els que es traslladen al Mol\u00ed de Vent per tal d\u2019impartir classes de flauta travessera, viol\u00ed o clarinet als nostres alumnes. L\u2019experi\u00e8ncia dels dos cursos anteriors ha estat molt positiva i enguany repetim. Precisament aquests dies, l\u2019EMMT ha obert la matr\u00edcula per al curs 2018\/2019. Si voleu matricular els vostres fills a l\u2019Escola de M\u00fasica o demanar m\u00e9s informaci\u00f3 cal que us adreceu al Patronat Antoni Roig, on hi ha la regidoria d\u2019Educaci\u00f3, al carrer Alt de Sant Pere, entre les 8:30h i les 14h, de dilluns a divendres. L\u2019EMMT ofereix classes d\u2019instrument per\u00f2 tamb\u00e9 fa classes de sensibilitzaci\u00f3 per als m\u00e9s petits (de 3 a 5 anys), llenguatge musical.<\/p>\n","protected":false},"excerpt":{"rendered":"<p><a href=\"http:\/\/agora.xtec.cat\/ceip-molidevent\/wp-content\/uploads\/usu1187\/2018\/09\/40470529_1468976896568038_3624917664423477248_n.jpg\"><\/a><br \/>\nAquest ser\u00e0 el tercer curs que els alumnes del Mol\u00ed de Vent poden aprendre a tocar un instrument musical a l\u2019hora del menjador. Aix\u00f2 \u00e9s possible gr\u00e0cies a la feina de l\u2019Escola Municipal de M\u00fasica de Torredembarra (EMMT). Els alumnes de l\u2019Escola Mol\u00ed de&hellip;  <a href=\"https:\/\/agora.xtec.cat\/ceip-molidevent\/general\/classes-dinstrument-musical-al-migdia\/\" title=\"Read CLASSES D&#8217;INSTRUMENT MUSICAL AL MIGDIA\">Llegeix m\u00e9s\u00bb<\/a><\/p>\n","protected":false},"author":1,"featured_media":0,"comment_status":"closed","ping_status":"closed","sticky":false,"template":"","format":"standard","meta":{"_bbp_topic_count":0,"_bbp_reply_count":0,"_bbp_total_topic_count":0,"_bbp_total_reply_count":0,"_bbp_voice_count":0,"_bbp_anonymous_reply_count":0,"_bbp_topic_count_hidden":0,"_bbp_reply_count_hidden":0,"_bbp_forum_subforum_count":0,"footnotes":""},"categories":[112,1,68],"tags":[],"class_list":["post-2832","post","type-post","status-publish","format-standard","hentry","category-18-19","category-general","category-musica"],"post_mailing_queue_ids":[],"_links":{"self":[{"href":"https:\/\/agora.xtec.cat\/ceip-molidevent\/wp-json\/wp\/v2\/posts\/2832","targetHints":{"allow":["GET"]}}],"collection":[{"href":"https:\/\/agora.xtec.cat\/ceip-molidevent\/wp-json\/wp\/v2\/posts"}],"about":[{"href":"https:\/\/agora.xtec.cat\/ceip-molidevent\/wp-json\/wp\/v2\/types\/post"}],"author":[{"embeddable":true,"href":"https:\/\/agora.xtec.cat\/ceip-molidevent\/wp-json\/wp\/v2\/users\/1"}],"replies":[{"embeddable":true,"href":"https:\/\/agora.xtec.cat\/ceip-molidevent\/wp-json\/wp\/v2\/comments?post=2832"}],"version-history":[{"count":3,"href":"https:\/\/agora.xtec.cat\/ceip-molidevent\/wp-json\/wp\/v2\/posts\/2832\/revisions"}],"predecessor-version":[{"id":2992,"href":"https:\/\/agora.xtec.cat\/ceip-molidevent\/wp-json\/wp\/v2\/posts\/2832\/revisions\/2992"}],"wp:attachment":[{"href":"https:\/\/agora.xtec.cat\/ceip-molidevent\/wp-json\/wp\/v2\/media?parent=2832"}],"wp:term":[{"taxonomy":"category","embeddable":true,"href":"https:\/\/agora.xtec.cat\/ceip-molidevent\/wp-json\/wp\/v2\/categories?post=2832"},{"taxonomy":"post_tag","embeddable":true,"href":"https:\/\/agora.xtec.cat\/ceip-molidevent\/wp-json\/wp\/v2\/tags?post=2832"}],"curies":[{"name":"wp","href":"https:\/\/api.w.org\/{rel}","templated":true}]}}