{"id":2736,"date":"2018-04-26T22:10:13","date_gmt":"2018-04-26T20:10:13","guid":{"rendered":"http:\/\/agora.xtec.cat\/ceip-molidevent\/?p=2736"},"modified":"2020-09-18T15:13:20","modified_gmt":"2020-09-18T13:13:20","slug":"el-rap-de-les-colonies","status":"publish","type":"post","link":"https:\/\/agora.xtec.cat\/ceip-molidevent\/general\/el-rap-de-les-colonies\/","title":{"rendered":"EL RAP DE LES COL\u00d2NIES !!!"},"content":{"rendered":"<p>La nostra alumna Laura Ribes Viudez ha escrit aquest &#8220;rap&#8221; de les col\u00f2nies de 6\u00e8 al Collell, on v\u00e0rem passar uns dies incre\u00efbles, gaudint de la conviv\u00e8ncia de tots els que hi vam participar.<\/p>\n<p>Gr\u00e0cies, Laura per aquest gran detall!<\/p>\n<p>&nbsp;<\/p>\n<p>&#8221; L&#8217;escola Mol\u00ed de Vent ha vingut aqu\u00ed al Collell.<\/p>\n<p>Tenim un crit molt guay que \u00e9s &#8220;Espartano a\u00fa, a\u00fa, a\u00fa\u201d.<\/p>\n<p>Fem activitats de nit i tot \u00e9s molt divertit.<\/p>\n<p>A l\u2019escalada pots perdre un dit i deixar anar un crit.<\/p>\n<p>Et portar\u00e0n a emerg\u00e8ncies i viur\u00e0s moltes experi\u00e8ncies,<\/p>\n<p>i tot aix\u00f2,\u00a0sense fer classes de ci\u00e9ncies.<\/p>\n<p>A les 12:00 a dormir i &#8220;bona nit !!!&#8221;<\/p>\n<p>Per\u00f2 tots sabem que la gresca no s\u2019acaba aqu\u00ed.<br \/>\nMolts jugaran, parlaran i faran crits<\/p>\n<p>i tots els sentiran fins a les 2:00 del mat\u00ed.<br \/>\nHi haur\u00e0n els mussols que semblen soldats de guerra,<\/p>\n<p>no han fet la migdiada i a les 8:00 cauran a terra.<\/p>\n<p>Aqu\u00ed tenim a l&#8217;Ismael fent coses gracioses,<\/p>\n<p>mentres les monitores expliquen activitats serioses.<\/p>\n<p>El Francis \u201cvacila\u201d amb els \u201cchantes\u201d i tal<\/p>\n<p>i nosaltres li tornem de tant, en tant.<\/p>\n<p>La Uxue s&#8217;estressa si li preguntem: &#8220;Qu\u00e8 farem?&#8221;<\/p>\n<p>i si t&#8217;equivoques amb el seu nom pensa\u2026 &#8220;Ja ens veurem!&#8221;.<\/p>\n<p>Aquest \u00e9s el rap de les col\u00f2nies de l&#8217;escola Mol\u00ed de Vent i el Collell,<\/p>\n<p>i ara si us plau, 1\u00a0 aplaudiment!!! &#8221;<\/p>\n<p><img loading=\"lazy\" decoding=\"async\" class=\"aligncenter wp-image-2738\" src=\"http:\/\/agora.xtec.cat\/ceip-molidevent\/wp-content\/uploads\/usu1187\/2018\/04\/IMG_6318-768x1024.jpg\" alt=\"\" width=\"323\" height=\"431\" srcset=\"https:\/\/agora.xtec.cat\/ceip-molidevent\/wp-content\/uploads\/usu1187\/2018\/04\/IMG_6318-768x1024.jpg 768w, https:\/\/agora.xtec.cat\/ceip-molidevent\/wp-content\/uploads\/usu1187\/2018\/04\/IMG_6318-225x300.jpg 225w\" sizes=\"auto, (max-width: 323px) 100vw, 323px\" \/><\/p>\n","protected":false},"excerpt":{"rendered":"<p>La nostra alumna Laura Ribes Viudez ha escrit aquest &#8220;rap&#8221; de les col\u00f2nies de 6\u00e8 al Collell, on v\u00e0rem passar uns dies incre\u00efbles, gaudint de la conviv\u00e8ncia de tots els que hi vam participar.<br \/>\nGr\u00e0cies, Laura per aquest gran detall!<br \/>\n&nbsp;<br \/>\n&#8221; L&#8217;escola Mol\u00ed de Vent ha vingut&hellip;  <a href=\"https:\/\/agora.xtec.cat\/ceip-molidevent\/general\/el-rap-de-les-colonies\/\" title=\"Read EL RAP DE LES COL\u00d2NIES !!!\">Llegeix m\u00e9s\u00bb<\/a><\/p>\n","protected":false},"author":1,"featured_media":0,"comment_status":"closed","ping_status":"closed","sticky":false,"template":"","format":"standard","meta":{"_bbp_topic_count":0,"_bbp_reply_count":0,"_bbp_total_topic_count":0,"_bbp_total_reply_count":0,"_bbp_voice_count":0,"_bbp_anonymous_reply_count":0,"_bbp_topic_count_hidden":0,"_bbp_reply_count_hidden":0,"_bbp_forum_subforum_count":0,"footnotes":""},"categories":[15,1,5,26],"tags":[],"class_list":["post-2736","post","type-post","status-publish","format-standard","hentry","category-6e","category-general","category-primaria","category-cicle-superior"],"post_mailing_queue_ids":[],"_links":{"self":[{"href":"https:\/\/agora.xtec.cat\/ceip-molidevent\/wp-json\/wp\/v2\/posts\/2736","targetHints":{"allow":["GET"]}}],"collection":[{"href":"https:\/\/agora.xtec.cat\/ceip-molidevent\/wp-json\/wp\/v2\/posts"}],"about":[{"href":"https:\/\/agora.xtec.cat\/ceip-molidevent\/wp-json\/wp\/v2\/types\/post"}],"author":[{"embeddable":true,"href":"https:\/\/agora.xtec.cat\/ceip-molidevent\/wp-json\/wp\/v2\/users\/1"}],"replies":[{"embeddable":true,"href":"https:\/\/agora.xtec.cat\/ceip-molidevent\/wp-json\/wp\/v2\/comments?post=2736"}],"version-history":[{"count":2,"href":"https:\/\/agora.xtec.cat\/ceip-molidevent\/wp-json\/wp\/v2\/posts\/2736\/revisions"}],"predecessor-version":[{"id":2743,"href":"https:\/\/agora.xtec.cat\/ceip-molidevent\/wp-json\/wp\/v2\/posts\/2736\/revisions\/2743"}],"wp:attachment":[{"href":"https:\/\/agora.xtec.cat\/ceip-molidevent\/wp-json\/wp\/v2\/media?parent=2736"}],"wp:term":[{"taxonomy":"category","embeddable":true,"href":"https:\/\/agora.xtec.cat\/ceip-molidevent\/wp-json\/wp\/v2\/categories?post=2736"},{"taxonomy":"post_tag","embeddable":true,"href":"https:\/\/agora.xtec.cat\/ceip-molidevent\/wp-json\/wp\/v2\/tags?post=2736"}],"curies":[{"name":"wp","href":"https:\/\/api.w.org\/{rel}","templated":true}]}}