{"id":2710,"date":"2018-04-10T15:58:45","date_gmt":"2018-04-10T13:58:45","guid":{"rendered":"http:\/\/agora.xtec.cat\/ceip-molidevent\/?p=2710"},"modified":"2018-04-10T15:58:45","modified_gmt":"2018-04-10T13:58:45","slug":"autoservei-alumnes-cicle-superior","status":"publish","type":"post","link":"https:\/\/agora.xtec.cat\/ceip-molidevent\/general\/autoservei-alumnes-cicle-superior\/","title":{"rendered":"Autoservei alumnes cicle superior"},"content":{"rendered":"<p>Benvolgudes fam\u00edlies,<\/p>\n<p>Durant aquests mesos les monitores del Servei de Menjador de l\u2019escola hem anat treballant una s\u00e8rie d\u2019h\u00e0bits i d\u2019accions que ens vam plantejar al mes de setembre per fer del menjador, un espai educatiu de qualitat, l\u00fadic i segur per als nostres infants.<\/p>\n<p>En aquest darrer trimestre ens plategem fer un altre pas important cap al treball de l\u2019autonomia dels alumnes ; la <u>introducci\u00f3 a l\u2019autoservei del menjar<\/u>.<\/p>\n<p>Els objectius que ens marquem amb la introducci\u00f3 d\u2019aquest nou h\u00e0bit s\u00f3n:<\/p>\n<ul>\n<li>Potenciar l\u2019autonomia i la responsabilitat dels infants.<\/li>\n<li>Oferir-los un espai de menjador que s\u2019assembli el m\u00e0xim possible al de casa.<\/li>\n<li>Fer-los responsables del menjar que es serveixen.<\/li>\n<li>Aprendre a autoservir-se i a gestionar-se les quantitats.<\/li>\n<\/ul>\n<p>Com que es tracta d\u2019un canvi important aquests darrers dos mesos comen\u00e7arem amb els <u>alumnes de 5\u00e8 i 6\u00e8<\/u> amb l\u2019objectiu de fer-ho extensiu a la resta de manera progressiva de cara a propers cursos.\u00a0<img loading=\"lazy\" decoding=\"async\" class=\" wp-image-2711 alignright\" src=\"http:\/\/agora.xtec.cat\/ceip-molidevent\/wp-content\/uploads\/usu1187\/2018\/04\/Menjador.jpg\" alt=\"\" width=\"231\" height=\"236\" srcset=\"https:\/\/agora.xtec.cat\/ceip-molidevent\/wp-content\/uploads\/usu1187\/2018\/04\/Menjador.jpg 391w, https:\/\/agora.xtec.cat\/ceip-molidevent\/wp-content\/uploads\/usu1187\/2018\/04\/Menjador-293x300.jpg 293w\" sizes=\"auto, (max-width: 231px) 100vw, 231px\" \/><\/p>\n<p>Aix\u00ed doncs els alumnes de 5\u00e8 i 6\u00e8 quan arribin al menjador pararan la seva taula, agafant els seus estris (plats, gots, coberts i tovall\u00f3). Quan estiguin asseguts a la taula es posaran les safates i olles amb el menjar i els estris per servir-lo a sobre de la taula. Els mateixos infants seran els que, per torns i de manera ordenada, es serviran els seus plats.<\/p>\n<p>Tot aquest proc\u00e9s ser\u00e0 acompanyat en tot moment per les seves monitores que els ajudaran i comprovaran que es serveixin el menjar de manera ordenada i, alhora, asseguraran que es serveixin una quantitat m\u00ednima tant de primer plat com de segon.<\/p>\n<p>En acabar els alumnes deixaran els estris de cuina on pertoca i llen\u00e7aran les restes a la brossa pertinent com fins ara.<\/p>\n<p>Estem molt segurs que poc a poc aniran adquirint aquest nou h\u00e0bit, tant important i que el curs vinent ho podrem anar ampliant a la resta d\u2019infants.<\/p>\n","protected":false},"excerpt":{"rendered":"<p>Benvolgudes fam\u00edlies,<br \/>\nDurant aquests mesos les monitores del Servei de Menjador de l\u2019escola hem anat treballant una s\u00e8rie d\u2019h\u00e0bits i d\u2019accions que ens vam plantejar al mes de setembre per fer del menjador, un espai educatiu de qualitat, l\u00fadic i segur per als nostres infants.<br \/>\nEn aquest&hellip;  <a href=\"https:\/\/agora.xtec.cat\/ceip-molidevent\/general\/autoservei-alumnes-cicle-superior\/\" title=\"Read Autoservei alumnes cicle superior\">Llegeix m\u00e9s\u00bb<\/a><\/p>\n","protected":false},"author":1,"featured_media":2711,"comment_status":"closed","ping_status":"closed","sticky":false,"template":"","format":"standard","meta":{"_bbp_topic_count":0,"_bbp_reply_count":0,"_bbp_total_topic_count":0,"_bbp_total_reply_count":0,"_bbp_voice_count":0,"_bbp_anonymous_reply_count":0,"_bbp_topic_count_hidden":0,"_bbp_reply_count_hidden":0,"_bbp_forum_subforum_count":0,"footnotes":""},"categories":[109,7,1,110],"tags":[],"class_list":["post-2710","post","type-post","status-publish","format-standard","has-post-thumbnail","hentry","category-17-18","category-ampa","category-general","category-menjador"],"post_mailing_queue_ids":[],"_links":{"self":[{"href":"https:\/\/agora.xtec.cat\/ceip-molidevent\/wp-json\/wp\/v2\/posts\/2710","targetHints":{"allow":["GET"]}}],"collection":[{"href":"https:\/\/agora.xtec.cat\/ceip-molidevent\/wp-json\/wp\/v2\/posts"}],"about":[{"href":"https:\/\/agora.xtec.cat\/ceip-molidevent\/wp-json\/wp\/v2\/types\/post"}],"author":[{"embeddable":true,"href":"https:\/\/agora.xtec.cat\/ceip-molidevent\/wp-json\/wp\/v2\/users\/1"}],"replies":[{"embeddable":true,"href":"https:\/\/agora.xtec.cat\/ceip-molidevent\/wp-json\/wp\/v2\/comments?post=2710"}],"version-history":[{"count":1,"href":"https:\/\/agora.xtec.cat\/ceip-molidevent\/wp-json\/wp\/v2\/posts\/2710\/revisions"}],"predecessor-version":[{"id":2712,"href":"https:\/\/agora.xtec.cat\/ceip-molidevent\/wp-json\/wp\/v2\/posts\/2710\/revisions\/2712"}],"wp:featuredmedia":[{"embeddable":true,"href":"https:\/\/agora.xtec.cat\/ceip-molidevent\/wp-json\/wp\/v2\/media\/2711"}],"wp:attachment":[{"href":"https:\/\/agora.xtec.cat\/ceip-molidevent\/wp-json\/wp\/v2\/media?parent=2710"}],"wp:term":[{"taxonomy":"category","embeddable":true,"href":"https:\/\/agora.xtec.cat\/ceip-molidevent\/wp-json\/wp\/v2\/categories?post=2710"},{"taxonomy":"post_tag","embeddable":true,"href":"https:\/\/agora.xtec.cat\/ceip-molidevent\/wp-json\/wp\/v2\/tags?post=2710"}],"curies":[{"name":"wp","href":"https:\/\/api.w.org\/{rel}","templated":true}]}}