{"id":2690,"date":"2018-04-08T20:28:14","date_gmt":"2018-04-08T18:28:14","guid":{"rendered":"http:\/\/agora.xtec.cat\/ceip-molidevent\/?p=2690"},"modified":"2020-09-08T16:23:02","modified_gmt":"2020-09-08T14:23:02","slug":"els-6es-anem-a-la-tv3","status":"publish","type":"post","link":"https:\/\/agora.xtec.cat\/ceip-molidevent\/general\/els-6es-anem-a-la-tv3\/","title":{"rendered":"Els 6\u00e8s anem a la TV3!"},"content":{"rendered":"<p>Els alumnes de 6\u00e8 vam visitar els estudis de TV3.<br \/>\n<img loading=\"lazy\" decoding=\"async\" class=\"aligncenter size-large wp-image-2692\" src=\"http:\/\/agora.xtec.cat\/ceip-molidevent\/wp-content\/uploads\/usu1187\/2018\/04\/IMG_1902-1-1024x646.jpg\" alt=\"\" width=\"1024\" height=\"646\" srcset=\"https:\/\/agora.xtec.cat\/ceip-molidevent\/wp-content\/uploads\/usu1187\/2018\/04\/IMG_1902-1-1024x646.jpg 1024w, https:\/\/agora.xtec.cat\/ceip-molidevent\/wp-content\/uploads\/usu1187\/2018\/04\/IMG_1902-1-300x189.jpg 300w, https:\/\/agora.xtec.cat\/ceip-molidevent\/wp-content\/uploads\/usu1187\/2018\/04\/IMG_1902-1-768x484.jpg 768w\" sizes=\"auto, (max-width: 1024px) 100vw, 1024px\" \/><\/p>\n<p>A l&#8217;arribar a Sant Joan Desp\u00ed vam esmorzar en un parc proper als estudis. Un cop vam acabar, ens vam dirigir a la porta principal de l&#8217;edifici on ens van rebre unes hotesses molt amables. Ens van dividir en dos grups per a poder realitzar m\u00e9s f\u00e0cilment la visita.<\/p>\n<p>El que m\u00e9s ens va sorprendre , entre altres\u00a0moltes coses, va ser el truc que tenen per llegir del monitor sense que es noti quan fan el telenot\u00edcies, el croma del plat\u00f3s, els plat\u00f3s m\u00f2bils i fixes. Tamb\u00e9 la sala de control, on controlen les altres cadenes per saber quan posar la publicitat, el focus amb els filtres de colors, els leds que indiquen les c\u00e0meres que est\u00e1n gravant&#8230; Ens va cridar l&#8217;atenci\u00f3 \u00a0que a la tele tot es veu tres vegades m\u00e9s gran del que \u00e9s en realitat; \u00a0com eviten les ombres per a que no es vegin a la tele, aix\u00ed com les parets, que sempre s\u00f3n \u00a0arrodonides per a que tot sembli m\u00e9s gran. Vam poder veure \u00a0les unitats m\u00f2bils que utilitzen per quan hi ha \u00a0grans esdeveniments.<\/p>\n<p>M\u00e9s tard vam assistir a una xerrada que ens van fer alguns dels que treballen al &#8220;InfoK&#8221;. Vam veure un dels programes i despr\u00e9s vam poder fer preguntes. A la sortida dels estudis ens esperava la presentadora del &#8220;InfoK&#8221; i ens v\u00e0rem fer una foto amb ella.<a href=\"http:\/\/agora.xtec.cat\/ceip-molidevent\/wp-content\/uploads\/usu1187\/2018\/04\/IMG_1902.jpg\"><br \/>\n<\/a><\/p>\n<p>En acabar, vam anar a dinar al parc de Pedralbes i despr\u00e9s, vam tornar cap a l&#8217;escola.<\/p>\n<p>Per concloure, visitar la TV3 vaser una experi\u00e8ncia inolvidable, tot i que ens hauria agradat molt poder veure el plat\u00f3 del programa &#8220;Cuines&#8221;, pero no va poder ser ja que hi estaven treballant.<\/p>\n<p>Text elaborat pels alumnes de 6\u00e8A<\/p>\n","protected":false},"excerpt":{"rendered":"<p>Els alumnes de 6\u00e8 vam visitar els estudis de TV3.<\/p>\n<p>A l&#8217;arribar a Sant Joan Desp\u00ed vam esmorzar en un parc proper als estudis. Un cop vam acabar, ens vam dirigir a la porta principal de l&#8217;edifici on ens van rebre unes hotesses molt amables. Ens&hellip;  <a href=\"https:\/\/agora.xtec.cat\/ceip-molidevent\/general\/els-6es-anem-a-la-tv3\/\" title=\"Read Els 6\u00e8s anem a la TV3!\">Llegeix m\u00e9s\u00bb<\/a><\/p>\n","protected":false},"author":1,"featured_media":0,"comment_status":"closed","ping_status":"closed","sticky":false,"template":"","format":"standard","meta":{"_bbp_topic_count":0,"_bbp_reply_count":0,"_bbp_total_topic_count":0,"_bbp_total_reply_count":0,"_bbp_voice_count":0,"_bbp_anonymous_reply_count":0,"_bbp_topic_count_hidden":0,"_bbp_reply_count_hidden":0,"_bbp_forum_subforum_count":0,"footnotes":""},"categories":[15,1,5,26],"tags":[],"class_list":["post-2690","post","type-post","status-publish","format-standard","hentry","category-6e","category-general","category-primaria","category-cicle-superior"],"post_mailing_queue_ids":[],"_links":{"self":[{"href":"https:\/\/agora.xtec.cat\/ceip-molidevent\/wp-json\/wp\/v2\/posts\/2690","targetHints":{"allow":["GET"]}}],"collection":[{"href":"https:\/\/agora.xtec.cat\/ceip-molidevent\/wp-json\/wp\/v2\/posts"}],"about":[{"href":"https:\/\/agora.xtec.cat\/ceip-molidevent\/wp-json\/wp\/v2\/types\/post"}],"author":[{"embeddable":true,"href":"https:\/\/agora.xtec.cat\/ceip-molidevent\/wp-json\/wp\/v2\/users\/1"}],"replies":[{"embeddable":true,"href":"https:\/\/agora.xtec.cat\/ceip-molidevent\/wp-json\/wp\/v2\/comments?post=2690"}],"version-history":[{"count":1,"href":"https:\/\/agora.xtec.cat\/ceip-molidevent\/wp-json\/wp\/v2\/posts\/2690\/revisions"}],"predecessor-version":[{"id":2693,"href":"https:\/\/agora.xtec.cat\/ceip-molidevent\/wp-json\/wp\/v2\/posts\/2690\/revisions\/2693"}],"wp:attachment":[{"href":"https:\/\/agora.xtec.cat\/ceip-molidevent\/wp-json\/wp\/v2\/media?parent=2690"}],"wp:term":[{"taxonomy":"category","embeddable":true,"href":"https:\/\/agora.xtec.cat\/ceip-molidevent\/wp-json\/wp\/v2\/categories?post=2690"},{"taxonomy":"post_tag","embeddable":true,"href":"https:\/\/agora.xtec.cat\/ceip-molidevent\/wp-json\/wp\/v2\/tags?post=2690"}],"curies":[{"name":"wp","href":"https:\/\/api.w.org\/{rel}","templated":true}]}}