{"id":2679,"date":"2018-04-03T15:56:02","date_gmt":"2018-04-03T13:56:02","guid":{"rendered":"http:\/\/agora.xtec.cat\/ceip-molidevent\/?p=2679"},"modified":"2020-09-08T16:23:22","modified_gmt":"2020-09-08T14:23:22","slug":"preinscripcio-del-curs-2018-2019","status":"publish","type":"post","link":"https:\/\/agora.xtec.cat\/ceip-molidevent\/general\/preinscripcio-del-curs-2018-2019\/","title":{"rendered":"Preinscripci\u00f3 del curs 2018-2019"},"content":{"rendered":"<div class=\"FW_sArticleFoto\">\n<div class=\"FW_sEditPro\">\n<p>La preinscripci\u00f3 \u00e9s el tr\u00e0mit que cal fer per ser adm\u00e8s per primera vegada en un centre sostingut amb fons p\u00fablics i per canviar de centre.<\/p>\n<p>Per fer la preinscripci\u00f3 cal:<\/p>\n<ul>\n<li>con\u00e8ixer el calendari de tot el proc\u00e9s,<\/li>\n<li>consultar els\u00a0centres i l&#8217;oferta de places escolars,<\/li>\n<li>con\u00e8ixer els criteris de prioritat amb qu\u00e8 s&#8217;ordenen les sol\u00b7licituds i la documentaci\u00f3 necess\u00e0ria per justificar-los,<\/li>\n<li>presentar la sol\u00b7licitud i la documentaci\u00f3 en els terminis establerts.<\/li>\n<\/ul>\n<p>&nbsp;<\/p>\n<p>Les sol\u00b7licituds s&#8217;ordenen a partir de l&#8217;aplicaci\u00f3 dels\u00a0<strong>criteris de prioritat<\/strong>.<\/p>\n<p>Cada centre educatiu informa del seu projecte educatiu, dels ensenyaments que imparteix, de les places de qu\u00e8 disposa, de l&#8217;adscripci\u00f3 a altres centres i si t\u00e9 mitjans espec\u00edfics d&#8217;adaptaci\u00f3 a determinades discapacitats dels alumnes. Normalment els centres organitzen jornades de portes obertes abans del per\u00edode de preinscripci\u00f3.<\/p>\n<p>Cada any el Departament publica la resoluci\u00f3 que regula el proc\u00e9s de preinscripci\u00f3, on s&#8217;estableixen les dates i els terminis que s\u00f3n espec\u00edfics per a cada ensenyament.<\/p>\n<\/div>\n<\/div>\n<div class=\"FW_clear FW_hrBlanc\"><\/div>\n<p>&nbsp;<\/p>\n<div class=\"FW_sTitolFons\"><\/div>\n<div class=\"FW_sPregunta FW_sImpacte\">\n<h4 id=\"FW_bloc_8e4cd612-10c2-11e8-896d-005056924a59_1\" class=\"FW_ancora\">Dates de la preinscripci\u00f3<\/h4>\n<div class=\"FW_sArticleFoto\">\n<div class=\"FW_sEditPro\">\n<p>La resoluci\u00f3 per a la preinscripci\u00f3 del curs 2018-2019 est\u00e0 en tr\u00e0mit de publicaci\u00f3 al DOGC.<\/p>\n<p>Els\u00a0<strong>terminis<\/strong>\u00a0de presentaci\u00f3 de sol\u00b7licituds previstos s\u00f3n els seg\u00fcents:<\/p>\n<p>&#8211; Del\u00a0<strong>4\u00a0al 16 d&#8217;abril<\/strong>, per als ensenyaments professionals de m\u00fasica i dansa.<\/p>\n<p>&#8211; Del\u00a0<strong>13 al 24 d&#8217;abril<\/strong>, per al segon cicle d&#8217;educaci\u00f3 infantil, educaci\u00f3 prim\u00e0ria, centres integrats i educaci\u00f3 secund\u00e0ria obligat\u00f2ria.<\/p>\n<p>&#8211; Del\u00a0<strong>30 d&#8217;abril a l&#8217;11 de maig<\/strong>, per a les llars d&#8217;infants. Els ajuntaments que tenen delegades les compet\u00e8ncies en relaci\u00f3 a les llars d&#8217;infants poden establir un calendari propi; per tant, en aquests casos, caldr\u00e0 consultar-los.<\/p>\n<p>&#8211; Del\u00a0<strong>8 de maig al 6 de juny<\/strong>, per als ensenyaments esportius (primer per\u00edode).<\/p>\n<p>&#8211; Del\u00a0<strong>14 al 24 de maig<\/strong>, per al batxillerat, els cicles de grau mitj\u00e0 de formaci\u00f3 professional i d&#8217;arts pl\u00e0stiques i disseny.<\/p>\n<p>&nbsp;<\/p>\n<p>&#8211; Del\u00a0<strong>3 al 6 de setembre<\/strong>, per als cursos extensius i per al primer per\u00edode de cursos intensius i flexibilitzats de les escoles oficials d&#8217;idiomes.<\/p>\n<\/div>\n<\/div>\n<div class=\"FW_clear FW_hrBlanc\"><\/div>\n<\/div>\n<div class=\"FW_sTitolFons\"><\/div>\n<div class=\"FW_sPregunta FW_sImpacte\">\n<h4 id=\"FW_bloc_8e4cd612-10c2-11e8-896d-005056924a59_2\" class=\"FW_ancora\">Principals novetats<\/h4>\n<div class=\"FW_sArticleFoto\">\n<div class=\"FW_sEditPro\">\n<p><strong>Ensenyaments obligatoris<\/strong><\/p>\n<p>Es redueix el calendari de segon cicle d&#8217;educaci\u00f3 infantil, prim\u00e0ria i secund\u00e0ria obligat\u00f2ria. Aquest calendari respon als canvis organitzatius seg\u00fcents:<\/p>\n<ul>\n<li>El Departament redueix el calendari del proc\u00e9s gaireb\u00e9 un mes, d&#8217;acord amb la demanda reiterada de diferents sectors de la comunitat educativa.<\/li>\n<li>Aquest endarreriment facilitar\u00e0 que un major nombre d\u2019alumnes nouvinguts o que es trobin situacions de canvis, per exemple de domicili, puguin participar en el proc\u00e9s de preinscripci\u00f3 de forma ordin\u00e0ria.<\/li>\n<\/ul>\n<p>&nbsp;<\/p>\n<p>&nbsp;<\/p>\n<div class=\"FW_sArticleFoto\">\n<div class=\"FW_sEditPro\">\n<p><a href=\"http:\/\/queestudiar.gencat.cat\/ca\/preinscripcio\/info-general\/\" target=\"_blank\" rel=\"noopener noreferrer\"><img loading=\"lazy\" decoding=\"async\" class=\"aligncenter wp-image-2680\" src=\"http:\/\/agora.xtec.cat\/ceip-molidevent\/wp-content\/uploads\/usu1187\/2018\/04\/Captura.png\" alt=\"\" width=\"304\" height=\"239\" \/><\/a><\/p>\n<\/div>\n<\/div>\n<\/div>\n<\/div>\n<\/div>\n","protected":false},"excerpt":{"rendered":"<p>La preinscripci\u00f3 \u00e9s el tr\u00e0mit que cal fer per ser adm\u00e8s per primera vegada en un centre sostingut amb fons p\u00fablics i per canviar de centre.<br \/>\nPer fer la preinscripci\u00f3 cal:<\/p>\n<ul>\n<li>con\u00e8ixer el calendari de tot el proc\u00e9s,<\/li>\n<li>consultar els\u00a0centres i l&#8217;oferta de places escolars,<\/li>\n<li>con\u00e8ixer els criteris de&hellip;  <a href=\"https:\/\/agora.xtec.cat\/ceip-molidevent\/general\/preinscripcio-del-curs-2018-2019\/\" title=\"Read Preinscripci\u00f3 del curs 2018-2019\">Llegeix m\u00e9s\u00bb<\/a><br \/>\n","protected":false},"author":1,"featured_media":2680,"comment_status":"closed","ping_status":"closed","sticky":false,"template":"","format":"standard","meta":{"_bbp_topic_count":0,"_bbp_reply_count":0,"_bbp_total_topic_count":0,"_bbp_total_reply_count":0,"_bbp_voice_count":0,"_bbp_anonymous_reply_count":0,"_bbp_topic_count_hidden":0,"_bbp_reply_count_hidden":0,"_bbp_forum_subforum_count":0,"footnotes":""},"categories":[109,1],"tags":[],"class_list":["post-2679","post","type-post","status-publish","format-standard","has-post-thumbnail","hentry","category-17-18","category-general"],"post_mailing_queue_ids":[],"_links":{"self":[{"href":"https:\/\/agora.xtec.cat\/ceip-molidevent\/wp-json\/wp\/v2\/posts\/2679","targetHints":{"allow":["GET"]}}],"collection":[{"href":"https:\/\/agora.xtec.cat\/ceip-molidevent\/wp-json\/wp\/v2\/posts"}],"about":[{"href":"https:\/\/agora.xtec.cat\/ceip-molidevent\/wp-json\/wp\/v2\/types\/post"}],"author":[{"embeddable":true,"href":"https:\/\/agora.xtec.cat\/ceip-molidevent\/wp-json\/wp\/v2\/users\/1"}],"replies":[{"embeddable":true,"href":"https:\/\/agora.xtec.cat\/ceip-molidevent\/wp-json\/wp\/v2\/comments?post=2679"}],"version-history":[{"count":1,"href":"https:\/\/agora.xtec.cat\/ceip-molidevent\/wp-json\/wp\/v2\/posts\/2679\/revisions"}],"predecessor-version":[{"id":2681,"href":"https:\/\/agora.xtec.cat\/ceip-molidevent\/wp-json\/wp\/v2\/posts\/2679\/revisions\/2681"}],"wp:featuredmedia":[{"embeddable":true,"href":"https:\/\/agora.xtec.cat\/ceip-molidevent\/wp-json\/wp\/v2\/media\/2680"}],"wp:attachment":[{"href":"https:\/\/agora.xtec.cat\/ceip-molidevent\/wp-json\/wp\/v2\/media?parent=2679"}],"wp:term":[{"taxonomy":"category","embeddable":true,"href":"https:\/\/agora.xtec.cat\/ceip-molidevent\/wp-json\/wp\/v2\/categories?post=2679"},{"taxonomy":"post_tag","embeddable":true,"href":"https:\/\/agora.xtec.cat\/ceip-molidevent\/wp-json\/wp\/v2\/tags?post=2679"}],"curies":[{"name":"wp","href":"https:\/\/api.w.org\/{rel}","templated":true}]}}