{"id":2666,"date":"2018-03-20T15:52:45","date_gmt":"2018-03-20T14:52:45","guid":{"rendered":"http:\/\/agora.xtec.cat\/ceip-molidevent\/?p=2666"},"modified":"2020-09-08T16:23:30","modified_gmt":"2020-09-08T14:23:30","slug":"5e-sortida-a-cal-mata-saifores","status":"publish","type":"post","link":"https:\/\/agora.xtec.cat\/ceip-molidevent\/general\/5e-sortida-a-cal-mata-saifores\/","title":{"rendered":"5\u00e8: sortida a Cal Mata, Saifores."},"content":{"rendered":"<p>El passat 12 de mar\u00e7,els nens i nenes de 5\u00e8 vam anar d\u2019excursi\u00f3 a Saifores, pedania de Lloren\u00e7 del Pened\u00e8s per aprendre m\u00e9s coses de les plantes remeieres i arom\u00e0tiques.<\/p>\n<p>En arribar vam jugar i esmorzar, despr\u00e9s, vam veure la casa de col\u00f2nies que era on vivia la Marta Mata, una pedagoga molt important. Seguidament vam fer grups de diferents colors: blau, negre i taronja. Es van separar i vam comen\u00e7ar a fer activitats. Tots feien el mateix, per\u00f2 en diferents moments: jugar al mocador, per\u00f2 amb fotos de plantes i arbres, collir roman\u00ed per fer un cataplasma amb fang i aigua, fer descripcions de plantes i arbres de la zona.<\/p>\n<p>En acabar vam anar a dinar i despr\u00e9s es vam preparar per fer una col\u00f2nia amb roman\u00ed, aigua i alcohol.<\/p>\n<p>De tota l\u2019experi\u00e8ncia el que m\u00e9s ens hi va agradar a tots va ser quan f\u00e8iem la col\u00f2nia perqu\u00e8 va ser una activitat que no haviem fet mai i aix\u00ed van tenir tots un record original de la sortida.<\/p>\n<pre style=\"text-align: right;\">M\u00edriam Mart\u00ednez<\/pre>\n\n\t\t<style type=\"text\/css\">\n\t\t\t#gallery-1 {\n\t\t\t\tmargin: auto;\n\t\t\t}\n\t\t\t#gallery-1 .gallery-item {\n\t\t\t\tfloat: left;\n\t\t\t\tmargin-top: 10px;\n\t\t\t\ttext-align: center;\n\t\t\t\twidth: 50%;\n\t\t\t}\n\t\t\t#gallery-1 img {\n\t\t\t\tborder: 2px solid #cfcfcf;\n\t\t\t}\n\t\t\t#gallery-1 .gallery-caption {\n\t\t\t\tmargin-left: 0;\n\t\t\t}\n\t\t\t\/* see gallery_shortcode() in wp-includes\/media.php *\/\n\t\t<\/style>\n\t\t<div id='gallery-1' class='gallery galleryid-2666 gallery-columns-2 gallery-size-large'><dl class='gallery-item'>\n\t\t\t<dt class='gallery-icon landscape'>\n\t\t\t\t<a href='https:\/\/agora.xtec.cat\/ceip-molidevent\/general\/5e-sortida-a-cal-mata-saifores\/attachment\/img_6939\/'><img loading=\"lazy\" decoding=\"async\" width=\"1024\" height=\"576\" src=\"https:\/\/agora.xtec.cat\/ceip-molidevent\/wp-content\/uploads\/usu1187\/2018\/03\/IMG_6939-1024x576.jpg\" class=\"attachment-large size-large\" alt=\"\" srcset=\"https:\/\/agora.xtec.cat\/ceip-molidevent\/wp-content\/uploads\/usu1187\/2018\/03\/IMG_6939-1024x576.jpg 1024w, https:\/\/agora.xtec.cat\/ceip-molidevent\/wp-content\/uploads\/usu1187\/2018\/03\/IMG_6939-300x169.jpg 300w, https:\/\/agora.xtec.cat\/ceip-molidevent\/wp-content\/uploads\/usu1187\/2018\/03\/IMG_6939-768x432.jpg 768w, https:\/\/agora.xtec.cat\/ceip-molidevent\/wp-content\/uploads\/usu1187\/2018\/03\/IMG_6939.jpg 1328w\" sizes=\"auto, (max-width: 1024px) 100vw, 1024px\" \/><\/a>\n\t\t\t<\/dt><\/dl><dl class='gallery-item'>\n\t\t\t<dt class='gallery-icon landscape'>\n\t\t\t\t<a href='https:\/\/agora.xtec.cat\/ceip-molidevent\/general\/5e-sortida-a-cal-mata-saifores\/attachment\/img_6943\/'><img loading=\"lazy\" decoding=\"async\" width=\"1024\" height=\"576\" src=\"https:\/\/agora.xtec.cat\/ceip-molidevent\/wp-content\/uploads\/usu1187\/2018\/03\/IMG_6943-1024x576.jpg\" class=\"attachment-large size-large\" alt=\"\" srcset=\"https:\/\/agora.xtec.cat\/ceip-molidevent\/wp-content\/uploads\/usu1187\/2018\/03\/IMG_6943-1024x576.jpg 1024w, https:\/\/agora.xtec.cat\/ceip-molidevent\/wp-content\/uploads\/usu1187\/2018\/03\/IMG_6943-300x169.jpg 300w, https:\/\/agora.xtec.cat\/ceip-molidevent\/wp-content\/uploads\/usu1187\/2018\/03\/IMG_6943-768x432.jpg 768w, https:\/\/agora.xtec.cat\/ceip-molidevent\/wp-content\/uploads\/usu1187\/2018\/03\/IMG_6943.jpg 1328w\" sizes=\"auto, (max-width: 1024px) 100vw, 1024px\" \/><\/a>\n\t\t\t<\/dt><\/dl><br style=\"clear: both\" \/><dl class='gallery-item'>\n\t\t\t<dt class='gallery-icon landscape'>\n\t\t\t\t<a href='https:\/\/agora.xtec.cat\/ceip-molidevent\/general\/5e-sortida-a-cal-mata-saifores\/attachment\/img_6949\/'><img loading=\"lazy\" decoding=\"async\" width=\"1024\" height=\"576\" src=\"https:\/\/agora.xtec.cat\/ceip-molidevent\/wp-content\/uploads\/usu1187\/2018\/03\/IMG_6949-1024x576.jpg\" class=\"attachment-large size-large\" alt=\"\" srcset=\"https:\/\/agora.xtec.cat\/ceip-molidevent\/wp-content\/uploads\/usu1187\/2018\/03\/IMG_6949-1024x576.jpg 1024w, https:\/\/agora.xtec.cat\/ceip-molidevent\/wp-content\/uploads\/usu1187\/2018\/03\/IMG_6949-300x169.jpg 300w, https:\/\/agora.xtec.cat\/ceip-molidevent\/wp-content\/uploads\/usu1187\/2018\/03\/IMG_6949-768x432.jpg 768w, https:\/\/agora.xtec.cat\/ceip-molidevent\/wp-content\/uploads\/usu1187\/2018\/03\/IMG_6949.jpg 1328w\" sizes=\"auto, (max-width: 1024px) 100vw, 1024px\" \/><\/a>\n\t\t\t<\/dt><\/dl><dl class='gallery-item'>\n\t\t\t<dt class='gallery-icon landscape'>\n\t\t\t\t<a href='https:\/\/agora.xtec.cat\/ceip-molidevent\/general\/5e-sortida-a-cal-mata-saifores\/attachment\/img_6954\/'><img loading=\"lazy\" decoding=\"async\" width=\"1024\" height=\"576\" src=\"https:\/\/agora.xtec.cat\/ceip-molidevent\/wp-content\/uploads\/usu1187\/2018\/03\/IMG_6954-1024x576.jpg\" class=\"attachment-large size-large\" alt=\"\" srcset=\"https:\/\/agora.xtec.cat\/ceip-molidevent\/wp-content\/uploads\/usu1187\/2018\/03\/IMG_6954-1024x576.jpg 1024w, https:\/\/agora.xtec.cat\/ceip-molidevent\/wp-content\/uploads\/usu1187\/2018\/03\/IMG_6954-300x169.jpg 300w, https:\/\/agora.xtec.cat\/ceip-molidevent\/wp-content\/uploads\/usu1187\/2018\/03\/IMG_6954-768x432.jpg 768w, https:\/\/agora.xtec.cat\/ceip-molidevent\/wp-content\/uploads\/usu1187\/2018\/03\/IMG_6954.jpg 1328w\" sizes=\"auto, (max-width: 1024px) 100vw, 1024px\" \/><\/a>\n\t\t\t<\/dt><\/dl><br style=\"clear: both\" \/>\n\t\t<\/div>\n\n","protected":false},"excerpt":{"rendered":"<p>El passat 12 de mar\u00e7,els nens i nenes de 5\u00e8 vam anar d\u2019excursi\u00f3 a Saifores, pedania de Lloren\u00e7 del Pened\u00e8s per aprendre m\u00e9s coses de les plantes remeieres i arom\u00e0tiques.<br \/>\nEn arribar vam jugar i esmorzar, despr\u00e9s, vam veure la casa de col\u00f2nies que era on&hellip;  <a href=\"https:\/\/agora.xtec.cat\/ceip-molidevent\/general\/5e-sortida-a-cal-mata-saifores\/\" title=\"Read 5\u00e8: sortida a Cal Mata, Saifores.\">Llegeix m\u00e9s\u00bb<\/a><\/p>\n","protected":false},"author":1,"featured_media":0,"comment_status":"closed","ping_status":"closed","sticky":false,"template":"","format":"standard","meta":{"_bbp_topic_count":0,"_bbp_reply_count":0,"_bbp_total_topic_count":0,"_bbp_total_reply_count":0,"_bbp_voice_count":0,"_bbp_anonymous_reply_count":0,"_bbp_topic_count_hidden":0,"_bbp_reply_count_hidden":0,"_bbp_forum_subforum_count":0,"footnotes":""},"categories":[109,14,1,5,26],"tags":[],"class_list":["post-2666","post","type-post","status-publish","format-standard","hentry","category-17-18","category-5e","category-general","category-primaria","category-cicle-superior"],"post_mailing_queue_ids":[],"_links":{"self":[{"href":"https:\/\/agora.xtec.cat\/ceip-molidevent\/wp-json\/wp\/v2\/posts\/2666","targetHints":{"allow":["GET"]}}],"collection":[{"href":"https:\/\/agora.xtec.cat\/ceip-molidevent\/wp-json\/wp\/v2\/posts"}],"about":[{"href":"https:\/\/agora.xtec.cat\/ceip-molidevent\/wp-json\/wp\/v2\/types\/post"}],"author":[{"embeddable":true,"href":"https:\/\/agora.xtec.cat\/ceip-molidevent\/wp-json\/wp\/v2\/users\/1"}],"replies":[{"embeddable":true,"href":"https:\/\/agora.xtec.cat\/ceip-molidevent\/wp-json\/wp\/v2\/comments?post=2666"}],"version-history":[{"count":2,"href":"https:\/\/agora.xtec.cat\/ceip-molidevent\/wp-json\/wp\/v2\/posts\/2666\/revisions"}],"predecessor-version":[{"id":2672,"href":"https:\/\/agora.xtec.cat\/ceip-molidevent\/wp-json\/wp\/v2\/posts\/2666\/revisions\/2672"}],"wp:attachment":[{"href":"https:\/\/agora.xtec.cat\/ceip-molidevent\/wp-json\/wp\/v2\/media?parent=2666"}],"wp:term":[{"taxonomy":"category","embeddable":true,"href":"https:\/\/agora.xtec.cat\/ceip-molidevent\/wp-json\/wp\/v2\/categories?post=2666"},{"taxonomy":"post_tag","embeddable":true,"href":"https:\/\/agora.xtec.cat\/ceip-molidevent\/wp-json\/wp\/v2\/tags?post=2666"}],"curies":[{"name":"wp","href":"https:\/\/api.w.org\/{rel}","templated":true}]}}