{"id":2651,"date":"2018-03-07T19:00:39","date_gmt":"2018-03-07T18:00:39","guid":{"rendered":"http:\/\/agora.xtec.cat\/ceip-molidevent\/?p=2651"},"modified":"2020-09-08T16:23:43","modified_gmt":"2020-09-08T14:23:43","slug":"article-dopinio-atencio-el-cos-em-parla","status":"publish","type":"post","link":"https:\/\/agora.xtec.cat\/ceip-molidevent\/general\/article-dopinio-atencio-el-cos-em-parla\/","title":{"rendered":"Article d&#8217;opini\u00f3: &#8220;ATENCI\u00d3, EL COS EM PARLA&#8221;."},"content":{"rendered":"<p>El dilluns passat va venir la psic\u00f2loga Imma Sagrera per parlar-nos de quatre emocions molt importants: la r\u00e0bia, la tristesa, l&#8217;alegria i la por.<\/p>\n<p>Primer de tot he de dir que em va agradar la xerrada, sobretot quan vam parlar de les emocions i com controlar-les. Tamb\u00e9 ens va explicar que no sempre les emocions s\u00f3n tan bones o tan dolentes.<\/p>\n<p>Mes tard, vam jugar a un joc molt interessant. Tractava de que l&#8217;Imma ens feia unes preguntes i nosaltres ens hav\u00edem de situar en un lloc diferent segons la nostra resposta. Opino que va ser molt interessant i divertit; activitats com aquestes ens ajuden a saber com som.<\/p>\n<p>Abans d&#8217;acabar, va parlar de l&#8217;institut, com \u00e9s, com s\u00f3n els nens, els professors&#8230;<\/p>\n<p>Per concloure, crec que ha estat molt b\u00e9 aquesta xerrada. Podem aprendre a controlar-nos i no reaccionar malament davant de situacions diferents.<\/p>\n<p>Anouk F\u00e0bregas Peeters &#8211; Joel Jim\u00e9nez Miranda<\/p>\n<p>&nbsp;<\/p>\n<p><a href=\"http:\/\/agora.xtec.cat\/ceip-molidevent\/wp-content\/uploads\/usu1187\/2018\/03\/IMG_2614.jpg\"><img loading=\"lazy\" decoding=\"async\" class=\"wp-image-2655 alignleft\" src=\"http:\/\/agora.xtec.cat\/ceip-molidevent\/wp-content\/uploads\/usu1187\/2018\/03\/IMG_2614-1024x768.jpg\" alt=\"\" width=\"388\" height=\"291\" srcset=\"https:\/\/agora.xtec.cat\/ceip-molidevent\/wp-content\/uploads\/usu1187\/2018\/03\/IMG_2614-1024x768.jpg 1024w, https:\/\/agora.xtec.cat\/ceip-molidevent\/wp-content\/uploads\/usu1187\/2018\/03\/IMG_2614-300x225.jpg 300w, https:\/\/agora.xtec.cat\/ceip-molidevent\/wp-content\/uploads\/usu1187\/2018\/03\/IMG_2614-768x576.jpg 768w, https:\/\/agora.xtec.cat\/ceip-molidevent\/wp-content\/uploads\/usu1187\/2018\/03\/IMG_2614-200x150.jpg 200w\" sizes=\"auto, (max-width: 388px) 100vw, 388px\" \/><\/a><img loading=\"lazy\" decoding=\"async\" class=\"wp-image-2653 alignright\" src=\"http:\/\/agora.xtec.cat\/ceip-molidevent\/wp-content\/uploads\/usu1187\/2018\/03\/ae8952dd-9bca-40e7-bd4b-2e975d08b632-1024x768.jpg\" alt=\"\" width=\"381\" height=\"286\" srcset=\"https:\/\/agora.xtec.cat\/ceip-molidevent\/wp-content\/uploads\/usu1187\/2018\/03\/ae8952dd-9bca-40e7-bd4b-2e975d08b632-1024x768.jpg 1024w, https:\/\/agora.xtec.cat\/ceip-molidevent\/wp-content\/uploads\/usu1187\/2018\/03\/ae8952dd-9bca-40e7-bd4b-2e975d08b632-300x225.jpg 300w, https:\/\/agora.xtec.cat\/ceip-molidevent\/wp-content\/uploads\/usu1187\/2018\/03\/ae8952dd-9bca-40e7-bd4b-2e975d08b632-768x576.jpg 768w, https:\/\/agora.xtec.cat\/ceip-molidevent\/wp-content\/uploads\/usu1187\/2018\/03\/ae8952dd-9bca-40e7-bd4b-2e975d08b632-200x150.jpg 200w, https:\/\/agora.xtec.cat\/ceip-molidevent\/wp-content\/uploads\/usu1187\/2018\/03\/ae8952dd-9bca-40e7-bd4b-2e975d08b632.jpg 1600w\" sizes=\"auto, (max-width: 381px) 100vw, 381px\" \/><\/p>\n","protected":false},"excerpt":{"rendered":"<p>El dilluns passat va venir la psic\u00f2loga Imma Sagrera per parlar-nos de quatre emocions molt importants: la r\u00e0bia, la tristesa, l&#8217;alegria i la por.<br \/>\nPrimer de tot he de dir que em va agradar la xerrada, sobretot quan vam parlar de les emocions i com controlar-les.&hellip;  <a href=\"https:\/\/agora.xtec.cat\/ceip-molidevent\/general\/article-dopinio-atencio-el-cos-em-parla\/\" title=\"Read Article d&#8217;opini\u00f3: &#8220;ATENCI\u00d3, EL COS EM PARLA&#8221;.\">Llegeix m\u00e9s\u00bb<\/a><\/p>\n","protected":false},"author":1,"featured_media":0,"comment_status":"closed","ping_status":"closed","sticky":false,"template":"","format":"standard","meta":{"_bbp_topic_count":0,"_bbp_reply_count":0,"_bbp_total_topic_count":0,"_bbp_total_reply_count":0,"_bbp_voice_count":0,"_bbp_anonymous_reply_count":0,"_bbp_topic_count_hidden":0,"_bbp_reply_count_hidden":0,"_bbp_forum_subforum_count":0,"footnotes":""},"categories":[15,1,26],"tags":[],"class_list":["post-2651","post","type-post","status-publish","format-standard","hentry","category-6e","category-general","category-cicle-superior"],"post_mailing_queue_ids":[],"_links":{"self":[{"href":"https:\/\/agora.xtec.cat\/ceip-molidevent\/wp-json\/wp\/v2\/posts\/2651","targetHints":{"allow":["GET"]}}],"collection":[{"href":"https:\/\/agora.xtec.cat\/ceip-molidevent\/wp-json\/wp\/v2\/posts"}],"about":[{"href":"https:\/\/agora.xtec.cat\/ceip-molidevent\/wp-json\/wp\/v2\/types\/post"}],"author":[{"embeddable":true,"href":"https:\/\/agora.xtec.cat\/ceip-molidevent\/wp-json\/wp\/v2\/users\/1"}],"replies":[{"embeddable":true,"href":"https:\/\/agora.xtec.cat\/ceip-molidevent\/wp-json\/wp\/v2\/comments?post=2651"}],"version-history":[{"count":1,"href":"https:\/\/agora.xtec.cat\/ceip-molidevent\/wp-json\/wp\/v2\/posts\/2651\/revisions"}],"predecessor-version":[{"id":2657,"href":"https:\/\/agora.xtec.cat\/ceip-molidevent\/wp-json\/wp\/v2\/posts\/2651\/revisions\/2657"}],"wp:attachment":[{"href":"https:\/\/agora.xtec.cat\/ceip-molidevent\/wp-json\/wp\/v2\/media?parent=2651"}],"wp:term":[{"taxonomy":"category","embeddable":true,"href":"https:\/\/agora.xtec.cat\/ceip-molidevent\/wp-json\/wp\/v2\/categories?post=2651"},{"taxonomy":"post_tag","embeddable":true,"href":"https:\/\/agora.xtec.cat\/ceip-molidevent\/wp-json\/wp\/v2\/tags?post=2651"}],"curies":[{"name":"wp","href":"https:\/\/api.w.org\/{rel}","templated":true}]}}