{"id":2642,"date":"2018-03-06T16:02:06","date_gmt":"2018-03-06T15:02:06","guid":{"rendered":"http:\/\/agora.xtec.cat\/ceip-molidevent\/?p=2642"},"modified":"2019-10-17T13:04:45","modified_gmt":"2019-10-17T11:04:45","slug":"preus-del-menjador-2017-18","status":"publish","type":"post","link":"https:\/\/agora.xtec.cat\/ceip-molidevent\/ampa\/preus-del-menjador-2017-18\/","title":{"rendered":"Preus del menjador 2019-20"},"content":{"rendered":"<p><img loading=\"lazy\" decoding=\"async\" class=\"aligncenter wp-image-2646\" src=\"http:\/\/agora.xtec.cat\/ceip-molidevent\/wp-content\/uploads\/usu1187\/2018\/03\/logo-ampa-1.png\" alt=\"\" width=\"410\" height=\"130\" srcset=\"https:\/\/agora.xtec.cat\/ceip-molidevent\/wp-content\/uploads\/usu1187\/2018\/03\/logo-ampa-1.png 690w, https:\/\/agora.xtec.cat\/ceip-molidevent\/wp-content\/uploads\/usu1187\/2018\/03\/logo-ampa-1-300x95.png 300w\" sizes=\"auto, (max-width: 410px) 100vw, 410px\" \/><\/p>\n<p>El servei de menjador es cobrar\u00e0\u00a0 per els dies lectius que t\u00e9 cada m\u00e9s, aix\u00f2 vol dir que el rebut de menjador ser\u00e0 diferent cada mes.<\/p>\n<p>El mes de setembre el rebut es passar\u00e0 pel banc a partir del dia 15 i tots el altres mesos entre el dia 1 i el dia 5.<\/p>\n<p>Les baixes del servei de menjador han d\u2019\u00e9sser comunicades abans del dia 20 del mes anterior a la baixa, si aix\u00f2 no es aix\u00ed el rebut del mes es cobrar\u00e0.<\/p>\n<p><strong>ALUMNES FIXES i FIXES DISCONTINUOS &#8211;\u00a0 SOCIS DE L\u2019AMPA<\/strong><\/p>\n<p>Considerem alumnes fixes els que es queden cada dia i fixes discontinus el alumnes que es queden sempre el mateixos dies de la setmana (4 dies, 3 dies). Tots el altres alumnes han de pagar el menjador amb tiquets.<\/p>\n<p>Relaci\u00f3 de mensualitats del menjador escolar durant el curs 2019\/2020 per a alumnes fixes:<\/p>\n<p>&nbsp;<\/p>\n<table>\n<tbody>\n<tr>\n<td width=\"164\"><strong>MES<\/strong><\/td>\n<td width=\"164\"><strong>DIES LECTIUS<\/strong><\/td>\n<td width=\"164\"><strong>PREU PER DIA<\/strong><\/td>\n<td width=\"164\"><strong>REBUT MES<\/strong><\/td>\n<\/tr>\n<tr>\n<td width=\"164\">Setembre 19<\/td>\n<td width=\"164\">13<\/td>\n<td width=\"164\">6,20 \u20ac<\/td>\n<td width=\"164\">80,60 \u20ac<\/td>\n<\/tr>\n<tr>\n<td width=\"164\">Octubre 19<\/td>\n<td width=\"164\">23<\/td>\n<td width=\"164\">6,20 \u20ac<\/td>\n<td width=\"164\">142,60 \u20ac<\/td>\n<\/tr>\n<tr>\n<td width=\"164\">Novembre 19<\/td>\n<td width=\"164\">19<\/td>\n<td width=\"164\">6,20 \u20ac<\/td>\n<td width=\"164\">117,80 \u20ac<\/td>\n<\/tr>\n<tr>\n<td width=\"164\">Desembre 19<\/td>\n<td width=\"164\">13<\/td>\n<td width=\"164\">6,20 \u20ac<\/td>\n<td width=\"164\">80,60 \u20ac<\/td>\n<\/tr>\n<tr>\n<td width=\"164\">Gener 20<\/td>\n<td width=\"164\">18<\/td>\n<td width=\"164\">6,20 \u20ac<\/td>\n<td width=\"164\">111,60 \u20ac<\/td>\n<\/tr>\n<tr>\n<td width=\"164\">Febrer 20<\/td>\n<td width=\"164\">18<\/td>\n<td width=\"164\">6,20 \u20ac<\/td>\n<td width=\"164\">111,60 \u20ac<\/td>\n<\/tr>\n<tr>\n<td width=\"164\">Mar\u00e7 20<\/td>\n<td width=\"164\">22<\/td>\n<td width=\"164\">6,20 \u20ac<\/td>\n<td width=\"164\">136,40 \u20ac<\/td>\n<\/tr>\n<tr>\n<td width=\"164\">Abril 20<\/td>\n<td width=\"164\">15<\/td>\n<td width=\"164\">6,20 \u20ac<\/td>\n<td width=\"164\">93,00 \u20ac<\/td>\n<\/tr>\n<tr>\n<td width=\"164\">Maig 20<\/td>\n<td width=\"164\">20<\/td>\n<td width=\"164\">6,20 \u20ac<\/td>\n<td width=\"164\">124,00 \u20ac<\/td>\n<\/tr>\n<tr>\n<td width=\"164\">Juny 20<\/td>\n<td width=\"164\">15<\/td>\n<td width=\"164\">6,20 \u20ac<\/td>\n<td width=\"164\">93,00 \u20ac<\/td>\n<\/tr>\n<\/tbody>\n<\/table>\n<p>&nbsp;<\/p>\n<p>Quan un alumne fix no es quedi al menjador escolar, podr\u00e0 sol\u00b7licitar la devoluci\u00f3 de l&#8217;import del c\u00e0tering, amb les seg\u00fcents condicions:<\/p>\n<ul>\n<li>Es notificar\u00e0 telef\u00f2nicament a la Mari, la conserge del Centre, pel pare\/mare o tutor\/tutora abans de les 9.00 h.<\/li>\n<li>Nom\u00e9s es retornar\u00e0 la part proporcional corresponent al men\u00fa, no la gesti\u00f3 de les monitores.<\/li>\n<li>Es comen\u00e7ar\u00e0 a comptar a partir del mateix dia de la notificaci\u00f3 sempre que aquesta s&#8217;hagi comunicat abans de les 9.00 hores i fins que l&#8217;alumne notifiqui la incorporaci\u00f3 al menjador.<\/li>\n<li>Els diners es retornaran en efectiu (import 3 \u20ac).<\/li>\n<\/ul>\n<p><strong>ALUMNES EVENTUALS<\/strong><\/p>\n<p>Els tickets es poden comprar a la consergeria de l&#8217;escola.<\/p>\n<p>El preu del ticket es de 6,80 euros.<\/p>\n<p>No s&#8217;acceptar\u00e0 cap alumne al servei de menjador que tingui algun rebut pendent del curs anterior.<\/p>\n<p>Els alumnes que siguin donats d&#8217;alta al menjador, un cop comen\u00e7at el per\u00edode mensual, hauran de pagar el servei dels dies que resten del mes amb vals diaris com un alumne eventual.<\/p>\n<p>Els rebuts que resultin impagats, tindran un rec\u00e0rrec en concepte de despeses de devoluci\u00f3. Si no es liquida el rebut impagat dintre del mes en que s&#8217;ha produ\u00eft, l&#8217;alumne ser\u00e0 donat de baixa del menjador, des de el primer dia del mes seg\u00fcent.<\/p>\n<p>&nbsp;<\/p>\n<p><strong>ALUMNES NO SOCIS DE L\u2019AMPA, PAGARAN EL MENJADOR SEMPRE EN TIQUETS.<\/strong><\/p>\n<p>&nbsp;<\/p>\n","protected":false},"excerpt":{"rendered":"<p>El servei de menjador es cobrar\u00e0\u00a0 per els dies lectius que t\u00e9 cada m\u00e9s, aix\u00f2 vol dir que el rebut de menjador ser\u00e0 diferent cada mes.<br \/>\nEl mes de setembre el rebut es passar\u00e0 pel banc a partir del dia 15 i tots el altres mesos&hellip;  <a href=\"https:\/\/agora.xtec.cat\/ceip-molidevent\/ampa\/preus-del-menjador-2017-18\/\" title=\"Read Preus del menjador 2019-20\">Llegeix m\u00e9s\u00bb<\/a><\/p>\n","protected":false},"author":1,"featured_media":0,"comment_status":"closed","ping_status":"closed","sticky":true,"template":"","format":"standard","meta":{"_bbp_topic_count":0,"_bbp_reply_count":0,"_bbp_total_topic_count":0,"_bbp_total_reply_count":0,"_bbp_voice_count":0,"_bbp_anonymous_reply_count":0,"_bbp_topic_count_hidden":0,"_bbp_reply_count_hidden":0,"_bbp_forum_subforum_count":0,"footnotes":""},"categories":[7,110],"tags":[],"class_list":["post-2642","post","type-post","status-publish","format-standard","hentry","category-ampa","category-menjador"],"post_mailing_queue_ids":[],"_links":{"self":[{"href":"https:\/\/agora.xtec.cat\/ceip-molidevent\/wp-json\/wp\/v2\/posts\/2642","targetHints":{"allow":["GET"]}}],"collection":[{"href":"https:\/\/agora.xtec.cat\/ceip-molidevent\/wp-json\/wp\/v2\/posts"}],"about":[{"href":"https:\/\/agora.xtec.cat\/ceip-molidevent\/wp-json\/wp\/v2\/types\/post"}],"author":[{"embeddable":true,"href":"https:\/\/agora.xtec.cat\/ceip-molidevent\/wp-json\/wp\/v2\/users\/1"}],"replies":[{"embeddable":true,"href":"https:\/\/agora.xtec.cat\/ceip-molidevent\/wp-json\/wp\/v2\/comments?post=2642"}],"version-history":[{"count":3,"href":"https:\/\/agora.xtec.cat\/ceip-molidevent\/wp-json\/wp\/v2\/posts\/2642\/revisions"}],"predecessor-version":[{"id":3204,"href":"https:\/\/agora.xtec.cat\/ceip-molidevent\/wp-json\/wp\/v2\/posts\/2642\/revisions\/3204"}],"wp:attachment":[{"href":"https:\/\/agora.xtec.cat\/ceip-molidevent\/wp-json\/wp\/v2\/media?parent=2642"}],"wp:term":[{"taxonomy":"category","embeddable":true,"href":"https:\/\/agora.xtec.cat\/ceip-molidevent\/wp-json\/wp\/v2\/categories?post=2642"},{"taxonomy":"post_tag","embeddable":true,"href":"https:\/\/agora.xtec.cat\/ceip-molidevent\/wp-json\/wp\/v2\/tags?post=2642"}],"curies":[{"name":"wp","href":"https:\/\/api.w.org\/{rel}","templated":true}]}}