{"id":2610,"date":"2018-02-27T15:22:17","date_gmt":"2018-02-27T14:22:17","guid":{"rendered":"http:\/\/agora.xtec.cat\/ceip-molidevent\/?p=2610"},"modified":"2020-09-18T15:14:02","modified_gmt":"2020-09-18T13:14:02","slug":"preinscripcions-curs-2018-2019","status":"publish","type":"post","link":"https:\/\/agora.xtec.cat\/ceip-molidevent\/infantil\/preinscripcions-curs-2018-2019\/","title":{"rendered":"Preinscripcions curs 2018-2019"},"content":{"rendered":"<p>Atenci\u00f3, el Departament d&#8217;Ensenyament informa que la preinscripci\u00f3 escolar pel proper curs\u00a0es far\u00e0 a l&#8217;abril. M\u00e9s informaci\u00f3:<\/p>\n<p><a href=\"http:\/\/queestudiar.gencat.cat\/ca\/preinscripcio\/info-general\/index.html\" target=\"_blank\" rel=\"noopener noreferrer\"><img loading=\"lazy\" decoding=\"async\" class=\"aligncenter size-full wp-image-2611\" src=\"http:\/\/agora.xtec.cat\/ceip-molidevent\/wp-content\/uploads\/usu1187\/2018\/02\/Captura-4.png\" alt=\"\" width=\"1413\" height=\"130\" srcset=\"https:\/\/agora.xtec.cat\/ceip-molidevent\/wp-content\/uploads\/usu1187\/2018\/02\/Captura-4.png 1413w, https:\/\/agora.xtec.cat\/ceip-molidevent\/wp-content\/uploads\/usu1187\/2018\/02\/Captura-4-300x28.png 300w, https:\/\/agora.xtec.cat\/ceip-molidevent\/wp-content\/uploads\/usu1187\/2018\/02\/Captura-4-768x71.png 768w, https:\/\/agora.xtec.cat\/ceip-molidevent\/wp-content\/uploads\/usu1187\/2018\/02\/Captura-4-1024x94.png 1024w\" sizes=\"auto, (max-width: 1413px) 100vw, 1413px\" \/><\/a><\/p>\n","protected":false},"excerpt":{"rendered":"<p>Atenci\u00f3, el Departament d&#8217;Ensenyament informa que la preinscripci\u00f3 escolar pel proper curs\u00a0es far\u00e0 a l&#8217;abril. M\u00e9s informaci\u00f3:<br \/>\n<a href=\"http:\/\/queestudiar.gencat.cat\/ca\/preinscripcio\/info-general\/index.html\" target=\"_blank\" rel=\"noopener noreferrer\"><\/a><\/p>\n","protected":false},"author":1,"featured_media":0,"comment_status":"closed","ping_status":"closed","sticky":false,"template":"","format":"standard","meta":{"_bbp_topic_count":0,"_bbp_reply_count":0,"_bbp_total_topic_count":0,"_bbp_total_reply_count":0,"_bbp_voice_count":0,"_bbp_anonymous_reply_count":0,"_bbp_topic_count_hidden":0,"_bbp_reply_count_hidden":0,"_bbp_forum_subforum_count":0,"footnotes":""},"categories":[109,2,5],"tags":[75,111,77],"class_list":["post-2610","post","type-post","status-publish","format-standard","hentry","category-17-18","category-infantil","category-primaria","tag-infantil","tag-preinscripcions","tag-primaria"],"post_mailing_queue_ids":[],"_links":{"self":[{"href":"https:\/\/agora.xtec.cat\/ceip-molidevent\/wp-json\/wp\/v2\/posts\/2610","targetHints":{"allow":["GET"]}}],"collection":[{"href":"https:\/\/agora.xtec.cat\/ceip-molidevent\/wp-json\/wp\/v2\/posts"}],"about":[{"href":"https:\/\/agora.xtec.cat\/ceip-molidevent\/wp-json\/wp\/v2\/types\/post"}],"author":[{"embeddable":true,"href":"https:\/\/agora.xtec.cat\/ceip-molidevent\/wp-json\/wp\/v2\/users\/1"}],"replies":[{"embeddable":true,"href":"https:\/\/agora.xtec.cat\/ceip-molidevent\/wp-json\/wp\/v2\/comments?post=2610"}],"version-history":[{"count":2,"href":"https:\/\/agora.xtec.cat\/ceip-molidevent\/wp-json\/wp\/v2\/posts\/2610\/revisions"}],"predecessor-version":[{"id":2613,"href":"https:\/\/agora.xtec.cat\/ceip-molidevent\/wp-json\/wp\/v2\/posts\/2610\/revisions\/2613"}],"wp:attachment":[{"href":"https:\/\/agora.xtec.cat\/ceip-molidevent\/wp-json\/wp\/v2\/media?parent=2610"}],"wp:term":[{"taxonomy":"category","embeddable":true,"href":"https:\/\/agora.xtec.cat\/ceip-molidevent\/wp-json\/wp\/v2\/categories?post=2610"},{"taxonomy":"post_tag","embeddable":true,"href":"https:\/\/agora.xtec.cat\/ceip-molidevent\/wp-json\/wp\/v2\/tags?post=2610"}],"curies":[{"name":"wp","href":"https:\/\/api.w.org\/{rel}","templated":true}]}}