{"id":2599,"date":"2018-02-20T16:03:09","date_gmt":"2018-02-20T15:03:09","guid":{"rendered":"http:\/\/agora.xtec.cat\/ceip-molidevent\/?p=2599"},"modified":"2020-09-18T15:14:47","modified_gmt":"2020-09-18T13:14:47","slug":"el-carnaval-es-un-festival","status":"publish","type":"post","link":"https:\/\/agora.xtec.cat\/ceip-molidevent\/general\/el-carnaval-es-un-festival\/","title":{"rendered":"EL CARNAVAL \u00c9S UN FESTIVAL"},"content":{"rendered":"<p>El dia 2 de febrer, ens vam reunir tots els nens i nenes de l&#8217;escola per donar la benvinguda a la Lluna, el nostre Carnestoltes particular, que havia tornat de l&#8217;espai. Despr\u00e9s del seu discurs, ens va explicar com hav\u00edem d&#8217;anar disfressats els tres primers dies de la setmana, amb rodolins ben divertits:<br \/>\n\u2022 Dilluns: portar tot el cos ple d&#8217;estrelles<br \/>\n\u2022 Dimarts: anar vestit d&#8217;extraterrestre<br \/>\n\u2022 Dimecres: maquillar-se la cara de lluna<\/p>\n<p>El dijous gras, els companys de cicle mitj\u00e0 i cicle superior vam anar a la platja; cicle inicial, al parc i infantil es va quedar a l&#8217;escola. La major part dels alumnes vam portar un entrep\u00e0 de truita per esmorzar, tal com mana la tradici\u00f3.<\/p>\n<p>A la tarda, tota l&#8217;escola vam anar a les pistes a desfilar i lluir les m\u00e0scares que ens hav\u00edem fet nosaltres mateixos a les classes de pl\u00e0stica.<br \/>\nQuan va acabar la desfilada, tots els nens i nenes vam ballar, seguint els passos i el ritme de la nostra professora d&#8217;educaci\u00f3 f\u00edsica, l&#8217;Eli.<\/p>\n<p>Aix\u00ed va ser el nostre Carnaval a l&#8217;escola!!!<\/p>\n\n\t\t<style type=\"text\/css\">\n\t\t\t#gallery-1 {\n\t\t\t\tmargin: auto;\n\t\t\t}\n\t\t\t#gallery-1 .gallery-item {\n\t\t\t\tfloat: left;\n\t\t\t\tmargin-top: 10px;\n\t\t\t\ttext-align: center;\n\t\t\t\twidth: 25%;\n\t\t\t}\n\t\t\t#gallery-1 img {\n\t\t\t\tborder: 2px solid #cfcfcf;\n\t\t\t}\n\t\t\t#gallery-1 .gallery-caption {\n\t\t\t\tmargin-left: 0;\n\t\t\t}\n\t\t\t\/* see gallery_shortcode() in wp-includes\/media.php *\/\n\t\t<\/style>\n\t\t<div id='gallery-1' class='gallery galleryid-2599 gallery-columns-4 gallery-size-large'><dl class='gallery-item'>\n\t\t\t<dt class='gallery-icon landscape'>\n\t\t\t\t<a href='https:\/\/agora.xtec.cat\/ceip-molidevent\/general\/el-carnaval-es-un-festival\/attachment\/carnaval-3\/'><img loading=\"lazy\" decoding=\"async\" width=\"801\" height=\"597\" src=\"https:\/\/agora.xtec.cat\/ceip-molidevent\/wp-content\/uploads\/usu1187\/2018\/02\/carnaval.png\" class=\"attachment-large size-large\" alt=\"\" srcset=\"https:\/\/agora.xtec.cat\/ceip-molidevent\/wp-content\/uploads\/usu1187\/2018\/02\/carnaval.png 801w, https:\/\/agora.xtec.cat\/ceip-molidevent\/wp-content\/uploads\/usu1187\/2018\/02\/carnaval-300x224.png 300w, https:\/\/agora.xtec.cat\/ceip-molidevent\/wp-content\/uploads\/usu1187\/2018\/02\/carnaval-768x572.png 768w, https:\/\/agora.xtec.cat\/ceip-molidevent\/wp-content\/uploads\/usu1187\/2018\/02\/carnaval-200x150.png 200w\" sizes=\"auto, (max-width: 801px) 100vw, 801px\" \/><\/a>\n\t\t\t<\/dt><\/dl><dl class='gallery-item'>\n\t\t\t<dt class='gallery-icon landscape'>\n\t\t\t\t<a href='https:\/\/agora.xtec.cat\/ceip-molidevent\/general\/el-carnaval-es-un-festival\/attachment\/carnaval1-2\/'><img loading=\"lazy\" decoding=\"async\" width=\"806\" height=\"603\" src=\"https:\/\/agora.xtec.cat\/ceip-molidevent\/wp-content\/uploads\/usu1187\/2018\/02\/carnaval1.png\" class=\"attachment-large size-large\" alt=\"\" srcset=\"https:\/\/agora.xtec.cat\/ceip-molidevent\/wp-content\/uploads\/usu1187\/2018\/02\/carnaval1.png 806w, https:\/\/agora.xtec.cat\/ceip-molidevent\/wp-content\/uploads\/usu1187\/2018\/02\/carnaval1-300x224.png 300w, https:\/\/agora.xtec.cat\/ceip-molidevent\/wp-content\/uploads\/usu1187\/2018\/02\/carnaval1-768x575.png 768w, https:\/\/agora.xtec.cat\/ceip-molidevent\/wp-content\/uploads\/usu1187\/2018\/02\/carnaval1-200x150.png 200w\" sizes=\"auto, (max-width: 806px) 100vw, 806px\" \/><\/a>\n\t\t\t<\/dt><\/dl><dl class='gallery-item'>\n\t\t\t<dt class='gallery-icon landscape'>\n\t\t\t\t<a href='https:\/\/agora.xtec.cat\/ceip-molidevent\/general\/el-carnaval-es-un-festival\/attachment\/carnaval2-2\/'><img loading=\"lazy\" decoding=\"async\" width=\"803\" height=\"599\" src=\"https:\/\/agora.xtec.cat\/ceip-molidevent\/wp-content\/uploads\/usu1187\/2018\/02\/carnaval2.png\" class=\"attachment-large size-large\" alt=\"\" srcset=\"https:\/\/agora.xtec.cat\/ceip-molidevent\/wp-content\/uploads\/usu1187\/2018\/02\/carnaval2.png 803w, https:\/\/agora.xtec.cat\/ceip-molidevent\/wp-content\/uploads\/usu1187\/2018\/02\/carnaval2-300x224.png 300w, https:\/\/agora.xtec.cat\/ceip-molidevent\/wp-content\/uploads\/usu1187\/2018\/02\/carnaval2-768x573.png 768w, https:\/\/agora.xtec.cat\/ceip-molidevent\/wp-content\/uploads\/usu1187\/2018\/02\/carnaval2-200x150.png 200w\" sizes=\"auto, (max-width: 803px) 100vw, 803px\" \/><\/a>\n\t\t\t<\/dt><\/dl><dl class='gallery-item'>\n\t\t\t<dt class='gallery-icon landscape'>\n\t\t\t\t<a href='https:\/\/agora.xtec.cat\/ceip-molidevent\/general\/el-carnaval-es-un-festival\/attachment\/carnaval3-2\/'><img loading=\"lazy\" decoding=\"async\" width=\"803\" height=\"595\" src=\"https:\/\/agora.xtec.cat\/ceip-molidevent\/wp-content\/uploads\/usu1187\/2018\/02\/carnaval3.png\" class=\"attachment-large size-large\" alt=\"\" srcset=\"https:\/\/agora.xtec.cat\/ceip-molidevent\/wp-content\/uploads\/usu1187\/2018\/02\/carnaval3.png 803w, https:\/\/agora.xtec.cat\/ceip-molidevent\/wp-content\/uploads\/usu1187\/2018\/02\/carnaval3-300x222.png 300w, https:\/\/agora.xtec.cat\/ceip-molidevent\/wp-content\/uploads\/usu1187\/2018\/02\/carnaval3-768x569.png 768w\" sizes=\"auto, (max-width: 803px) 100vw, 803px\" \/><\/a>\n\t\t\t<\/dt><\/dl><br style=\"clear: both\" \/>\n\t\t<\/div>\n\n<pre style=\"text-align: right;\">C\u00e8lia Rius i Yaiza Doblado<\/pre>\n","protected":false},"excerpt":{"rendered":"<p>El dia 2 de febrer, ens vam reunir tots els nens i nenes de l&#8217;escola per donar la benvinguda a la Lluna, el nostre Carnestoltes particular, que havia tornat de l&#8217;espai. Despr\u00e9s del seu discurs, ens va explicar com hav\u00edem d&#8217;anar disfressats els tres primers&hellip;  <a href=\"https:\/\/agora.xtec.cat\/ceip-molidevent\/general\/el-carnaval-es-un-festival\/\" title=\"Read EL CARNAVAL \u00c9S UN FESTIVAL\">Llegeix m\u00e9s\u00bb<\/a><\/p>\n","protected":false},"author":1,"featured_media":0,"comment_status":"closed","ping_status":"closed","sticky":false,"template":"","format":"standard","meta":{"_bbp_topic_count":0,"_bbp_reply_count":0,"_bbp_total_topic_count":0,"_bbp_total_reply_count":0,"_bbp_voice_count":0,"_bbp_anonymous_reply_count":0,"_bbp_topic_count_hidden":0,"_bbp_reply_count_hidden":0,"_bbp_forum_subforum_count":0,"footnotes":""},"categories":[109,14,15,99,1,5,26],"tags":[63,76,35],"class_list":["post-2599","post","type-post","status-publish","format-standard","hentry","category-17-18","category-5e","category-6e","category-festes","category-general","category-primaria","category-cicle-superior","tag-carnaval","tag-cicle-superior","tag-festes"],"post_mailing_queue_ids":[],"_links":{"self":[{"href":"https:\/\/agora.xtec.cat\/ceip-molidevent\/wp-json\/wp\/v2\/posts\/2599","targetHints":{"allow":["GET"]}}],"collection":[{"href":"https:\/\/agora.xtec.cat\/ceip-molidevent\/wp-json\/wp\/v2\/posts"}],"about":[{"href":"https:\/\/agora.xtec.cat\/ceip-molidevent\/wp-json\/wp\/v2\/types\/post"}],"author":[{"embeddable":true,"href":"https:\/\/agora.xtec.cat\/ceip-molidevent\/wp-json\/wp\/v2\/users\/1"}],"replies":[{"embeddable":true,"href":"https:\/\/agora.xtec.cat\/ceip-molidevent\/wp-json\/wp\/v2\/comments?post=2599"}],"version-history":[{"count":1,"href":"https:\/\/agora.xtec.cat\/ceip-molidevent\/wp-json\/wp\/v2\/posts\/2599\/revisions"}],"predecessor-version":[{"id":2605,"href":"https:\/\/agora.xtec.cat\/ceip-molidevent\/wp-json\/wp\/v2\/posts\/2599\/revisions\/2605"}],"wp:attachment":[{"href":"https:\/\/agora.xtec.cat\/ceip-molidevent\/wp-json\/wp\/v2\/media?parent=2599"}],"wp:term":[{"taxonomy":"category","embeddable":true,"href":"https:\/\/agora.xtec.cat\/ceip-molidevent\/wp-json\/wp\/v2\/categories?post=2599"},{"taxonomy":"post_tag","embeddable":true,"href":"https:\/\/agora.xtec.cat\/ceip-molidevent\/wp-json\/wp\/v2\/tags?post=2599"}],"curies":[{"name":"wp","href":"https:\/\/api.w.org\/{rel}","templated":true}]}}