{"id":259,"date":"2014-12-16T11:16:12","date_gmt":"2014-12-16T10:16:12","guid":{"rendered":"http:\/\/blocs.xtec.cat\/molideventcm\/?p=259"},"modified":"2015-05-20T15:08:07","modified_gmt":"2015-05-20T14:08:07","slug":"concert-de-nadal-1415","status":"publish","type":"post","link":"https:\/\/agora.xtec.cat\/ceip-molidevent\/general\/concert-de-nadal-1415\/","title":{"rendered":"Concert de Nadal 14\/15"},"content":{"rendered":"<p style=\"text-align: justify;\"><strong>Aquest divendres 19<\/strong> de desembre <strong>a les 15:15<\/strong> de la tarda es celebrar\u00e0 el concert de Nadal. El lloc \u00e9s <strong>al gimn\u00e0s<\/strong>, com tots els anys. Aquest concert est\u00e0 <strong>dedicat als pares, mares, tutors i familiars.<\/strong> Esteu m\u00e9s que convidats!!<\/p>\n<p><a href=\"http:\/\/agora.xtec.cat\/ceip-molidevent\/wp-content\/uploads\/usu1187\/2014\/12\/IMG-20141216-WA0002.jpg\"><img loading=\"lazy\" decoding=\"async\" class=\"wp-image-266 size-medium aligncenter\" src=\"http:\/\/agora.xtec.cat\/ceip-molidevent\/wp-content\/uploads\/usu1187\/2014\/12\/IMG-20141216-WA0002-300x225.jpg\" alt=\"IMG-20141216-WA0002\" width=\"300\" height=\"225\" srcset=\"https:\/\/agora.xtec.cat\/ceip-molidevent\/wp-content\/uploads\/usu1187\/2014\/12\/IMG-20141216-WA0002-300x225.jpg 300w, https:\/\/agora.xtec.cat\/ceip-molidevent\/wp-content\/uploads\/usu1187\/2014\/12\/IMG-20141216-WA0002-1024x768.jpg 1024w, https:\/\/agora.xtec.cat\/ceip-molidevent\/wp-content\/uploads\/usu1187\/2014\/12\/IMG-20141216-WA0002-200x150.jpg 200w, https:\/\/agora.xtec.cat\/ceip-molidevent\/wp-content\/uploads\/usu1187\/2014\/12\/IMG-20141216-WA0002.jpg 1280w\" sizes=\"auto, (max-width: 300px) 100vw, 300px\" \/><\/a><\/p>\n<p style=\"text-align: justify;\">Un dia abans, el<strong> dijous 18, i el<\/strong> mateix <strong>divendres 19<\/strong>, hi haur\u00e0 <strong>una paradeta<\/strong> amb un munt de cors fets pels nostres alumnes. Ser\u00e0 <strong>a l&#8217;entrada del gimn\u00e0s<\/strong>, just <strong>abans del concert<\/strong>. Amb la venda d&#8217;aquestos cors, <strong>destinarem els beneficis a la Marat\u00f3<\/strong> de Tv3. Aprofiteu l&#8217;estada i col\u00b7laboreu-hi.<\/p>\n<p style=\"text-align: justify;\">Recordeu que<strong> encara estem recollint aliments<\/strong> al hall per a <strong>C\u00e0ritas<\/strong> (fins el 19 de desembre).<\/p>\n","protected":false},"excerpt":{"rendered":"<p>Aquest divendres 19 de desembre a les 15:15 de la tarda es celebrar\u00e0 el concert de Nadal. El lloc \u00e9s al gimn\u00e0s, com tots els anys. Aquest concert est\u00e0 dedicat als pares, mares, tutors i familiars. Esteu m\u00e9s que convidats!!<br \/>\n<a href=\"http:\/\/agora.xtec.cat\/ceip-molidevent\/wp-content\/uploads\/usu1187\/2014\/12\/IMG-20141216-WA0002.jpg\"><\/a><br \/>\nUn dia abans, el dijous&hellip;  <a href=\"https:\/\/agora.xtec.cat\/ceip-molidevent\/general\/concert-de-nadal-1415\/\" title=\"Read Concert de Nadal 14\/15\">Llegeix m\u00e9s\u00bb<\/a><\/p>\n","protected":false},"author":1,"featured_media":0,"comment_status":"open","ping_status":"open","sticky":false,"template":"","format":"standard","meta":{"_bbp_topic_count":0,"_bbp_reply_count":0,"_bbp_total_topic_count":0,"_bbp_total_reply_count":0,"_bbp_voice_count":0,"_bbp_anonymous_reply_count":0,"_bbp_topic_count_hidden":0,"_bbp_reply_count_hidden":0,"_bbp_forum_subforum_count":0,"footnotes":""},"categories":[12,13,1,5,78],"tags":[],"class_list":["post-259","post","type-post","status-publish","format-standard","hentry","category-3r","category-4t","category-general","category-primaria","category-cicle-mitja"],"post_mailing_queue_ids":[],"_links":{"self":[{"href":"https:\/\/agora.xtec.cat\/ceip-molidevent\/wp-json\/wp\/v2\/posts\/259","targetHints":{"allow":["GET"]}}],"collection":[{"href":"https:\/\/agora.xtec.cat\/ceip-molidevent\/wp-json\/wp\/v2\/posts"}],"about":[{"href":"https:\/\/agora.xtec.cat\/ceip-molidevent\/wp-json\/wp\/v2\/types\/post"}],"author":[{"embeddable":true,"href":"https:\/\/agora.xtec.cat\/ceip-molidevent\/wp-json\/wp\/v2\/users\/1"}],"replies":[{"embeddable":true,"href":"https:\/\/agora.xtec.cat\/ceip-molidevent\/wp-json\/wp\/v2\/comments?post=259"}],"version-history":[{"count":1,"href":"https:\/\/agora.xtec.cat\/ceip-molidevent\/wp-json\/wp\/v2\/posts\/259\/revisions"}],"predecessor-version":[{"id":670,"href":"https:\/\/agora.xtec.cat\/ceip-molidevent\/wp-json\/wp\/v2\/posts\/259\/revisions\/670"}],"wp:attachment":[{"href":"https:\/\/agora.xtec.cat\/ceip-molidevent\/wp-json\/wp\/v2\/media?parent=259"}],"wp:term":[{"taxonomy":"category","embeddable":true,"href":"https:\/\/agora.xtec.cat\/ceip-molidevent\/wp-json\/wp\/v2\/categories?post=259"},{"taxonomy":"post_tag","embeddable":true,"href":"https:\/\/agora.xtec.cat\/ceip-molidevent\/wp-json\/wp\/v2\/tags?post=259"}],"curies":[{"name":"wp","href":"https:\/\/api.w.org\/{rel}","templated":true}]}}