{"id":2550,"date":"2018-01-31T09:22:06","date_gmt":"2018-01-31T08:22:06","guid":{"rendered":"http:\/\/agora.xtec.cat\/ceip-molidevent\/?p=2550"},"modified":"2019-10-17T13:10:09","modified_gmt":"2019-10-17T11:10:09","slug":"reglament-del-menjador","status":"publish","type":"post","link":"https:\/\/agora.xtec.cat\/ceip-molidevent\/general\/reglament-del-menjador\/","title":{"rendered":"Reglament del menjador"},"content":{"rendered":"<p><strong>1. Usuaris<\/strong><\/p>\n<p>Podran sol\u00b7licitar el servei de menjador tots els alumnes del centre.<\/p>\n<p>El servei es podr\u00e0 sol\u00b7licitar en dues modalitats:<\/p>\n<p>Fix: Els alumnes que es queden al servei de menjador durant 3, 4 o 5 dies durant tot el mes. El cobrament del servei del menjador es far\u00e0 mitjan\u00e7ant un rebut domiciliat a principi de cada mes.<\/p>\n<p>Eventuals:\u00a0 Els alumnes que de forma espor\u00e0dica, en dies puntuals, fan \u00fas del servei. Durant el dia la conserge vendr\u00e0 els tiquets i els recollir\u00e0\u00a0 a les 8.30 h.<\/p>\n<p><strong>2. Sol\u00b7licitud<\/strong><\/p>\n<p>Per\u00a0 gaudir\u00a0 del\u00a0 servei\u00a0 de\u00a0 menjador,\u00a0 els\u00a0 alumnes\u00a0 fixes\u00a0 ompliran\u00a0 un\u00a0 full d\u2019inscripci\u00f3. Qualsevol canvi de dades banc\u00e0ries caldr\u00e0 comunicar-ho al responsable del menjador.<\/p>\n<p>El cobrament s\u2019efectuar\u00e0 a trav\u00e9s de rebut bancari entre el dia 1 i el 5 de cada mes i es liquidar\u00e0 mes per endavant. Per garantir l\u2019efici\u00e8ncia del servei, el control de pagament ser\u00e0 molt estricte i no s\u2019admetran retorns injustificats de rebuts.<\/p>\n<p>Els rebuts tornats s\u2019hauran d\u2019abonar en efectiu a la responsable del servei, sumant-li a l\u2019import les despeses banc\u00e0ries del retorn del rebut.<\/p>\n<p><a href=\"http:\/\/agora.xtec.cat\/ceip-molidevent\/wp-content\/uploads\/usu1187\/2018\/01\/Preus-menjador.pdf\" target=\"_blank\" rel=\"noopener noreferrer\"><strong>3. Preus<\/strong><\/a><\/p>\n<p>El preu del servei de menjador pel curs 2019-20 ser\u00e0 de:<\/p>\n<p>* Alumnes fixes : 6,20 euros al dia.<\/p>\n<p>* Alumnes eventuals socis: 6,80 euros dia<\/p>\n<p>Aquest preu inclou tots els conceptes referits al servei del menjador ( menjar, monitors, activitats i neteja ).<\/p>\n<p><strong>4. Men\u00fas<\/strong><\/p>\n<p>Els men\u00fas els planifica la dietista del C\u00c0TERING. Aquesta planificaci\u00f3 ha de figurar en lloc preferent al despatx de la conserge del centre i es far\u00e0 arribar una c\u00f2pia a\u00a0 les fam\u00edlies amb modalitat fix.<\/p>\n<p>Per\u00a0 sol\u00b7licitar\u00a0 men\u00fas\u00a0 especials\u00a0 per\u00a0 prescripci\u00f3\u00a0 facultativa\u00a0 com\u00a0 al\u00b7l\u00e8rgies, diabetis, intoler\u00e0ncia a la lactosa, al gluten, s\u2019haur\u00e0 de presentar pr\u00e8viament un certificat m\u00e8dic.<\/p>\n<p><strong>5. Notificaci\u00f3 d\u2019eventuals<\/strong><\/p>\n<p>L\u2019alumnat eventual presentar\u00e0 un tiquet de menjador amb la major antelaci\u00f3 possible a la conserge del centre indicant el nom, grup de l\u2019alumne\/a i el dia que en far\u00e0 \u00fas.<\/p>\n<p>Els tiquets es podran comprar a consergeria, i es donar\u00e0 el tiquet el mateix dia a les 8.30 del mati. No es podr\u00e0 quedar cap nen\/a a dinar si no porta f\u00edsicament el tiquet el dia del servei, exceptuant els casos de for\u00e7a major.<\/p>\n<p><strong>6. Festes Tem\u00e0tiques<\/strong><\/p>\n<p>Els dies de men\u00fa especial, per motius d\u2019organitzaci\u00f3, \u00e9s obligatori presentar el tiquet de menjador el dia abans de la festa. No podem assegurar que el men\u00fa sigui el mateix si no \u00e9s entregat abans.<\/p>\n<p><strong>\u00a07.\u00a0<\/strong><strong style=\"font-family: inherit; font-size: 1em;\">Incid\u00e8ncies<\/strong><\/p>\n<p>Els alumnes que no vinguin a l\u2019escola i no avisin abans de les 9.00 h, i els alumnes que per malaltia hagin de marxar quan ja s\u2019han demanat els men\u00fas, no se\u2019ls abonar\u00e0 el c\u00e0tering.<\/p>\n<p>Els alumnes que hagin de sortir durant l\u2019horari del servei de menjador no podran entrar a l\u2019escola fins a les 14.55 h.<\/p>\n<p>No podran utilitzar el servei de menjador els alumnes que no hagin assistit a classe durant el mat\u00ed.<\/p>\n<p>Els alumnes d\u2019Educaci\u00f3 Infantil si marxen pel mat\u00ed i arriben a l\u2019escola m\u00e9s tard de la 13.00 h ja no poden utilitzar el servei de menjador.<\/p>\n<p>Els alumnes d\u2019Educaci\u00f3 Prim\u00e0ria si marxen pel mat\u00ed i arriben a l\u2019escola m\u00e9s tard de les 14.00 h ja no poden utilitzar el servei de menjador.<\/p>\n<p><strong>8. Baixes i abs\u00e8ncies<\/strong><\/p>\n<p>Les baixes definitives s\u2019han de comunicar per escrit al responsable 10 dies abans del dia que l\u2019usuari es doni de baixa, i es tramitaran per mesos sencers, al final de cada mes.<\/p>\n<p>Sempre que un alumne no hagi d\u2019assistir a l\u2019escola, s\u2019haur\u00e0 de trucar abans de les 9.00 h per informar d\u2019aquest fet. En el cas que no s\u2019informi no es retornaran els diners del c\u00e0tering.<\/p>\n<p>La primera setmana del mes seg\u00fcent, s\u2019abonaran els diners del c\u00e0tering de les faltes d\u2019assist\u00e8ncia informades mitjan\u00e7ant un sobre que se\u2019ls hi donar\u00e0 als alumnes.<\/p>\n<p><strong>\u00a09.\u00a0<\/strong><strong style=\"font-family: inherit; font-size: 1em;\">Seguretat i salut<\/strong><\/p>\n<p>Si un alumne no pot menjar algun tipus d\u2019aliment, haur\u00e0 de portar un justificant del metge que ho acrediti. Tamb\u00e9 s\u2019haur\u00e0 de comunicar anualment al responsable del servei de menjador.<\/p>\n<p>Si es detecta alguna anomalia, de forma continuada, en els h\u00e0bits alimentaris (no menja el suficient, vomita,&#8230;) la monitora de l\u2019alumne o la coordinadora ho comunicar\u00e0 al responsable del menjador i conseq\u00fcentment a la fam\u00edlia.<\/p>\n<p>Si aquesta anomalia \u00e9s d\u2019un dia puntual (un cop fort, un v\u00f2mit,&#8230;) es comunica per escrit amb els fulls d\u2019incid\u00e8ncia que t\u00e9 la responsable de les monitores del menjador.<\/p>\n<p>Per\u00a0 administrar\u00a0 algun\u00a0 medicament\u00a0 es\u00a0 seguir\u00e0\u00a0 la\u00a0 mateixa\u00a0 normativa\u00a0 que\u00a0 a l\u2019escola.<\/p>\n<p>Quan un alumne necessiti dieta astringent, els pares ho hauran de comunicar al mat\u00ed per escrit a la conserge per tal que la inclogui en el full diari.<\/p>\n","protected":false},"excerpt":{"rendered":"<p>1. Usuaris<br \/>\nPodran sol\u00b7licitar el servei de menjador tots els alumnes del centre.<br \/>\nEl servei es podr\u00e0 sol\u00b7licitar en dues modalitats:<br \/>\nFix: Els alumnes que es queden al servei de menjador durant 3, 4 o 5 dies durant tot el mes. El cobrament del servei del menjador es&hellip;  <a href=\"https:\/\/agora.xtec.cat\/ceip-molidevent\/general\/reglament-del-menjador\/\" title=\"Read Reglament del menjador\">Llegeix m\u00e9s\u00bb<\/a><\/p>\n","protected":false},"author":1,"featured_media":0,"comment_status":"closed","ping_status":"closed","sticky":true,"template":"","format":"standard","meta":{"_bbp_topic_count":0,"_bbp_reply_count":0,"_bbp_total_topic_count":0,"_bbp_total_reply_count":0,"_bbp_voice_count":0,"_bbp_anonymous_reply_count":0,"_bbp_topic_count_hidden":0,"_bbp_reply_count_hidden":0,"_bbp_forum_subforum_count":0,"footnotes":""},"categories":[1,110],"tags":[],"class_list":["post-2550","post","type-post","status-publish","format-standard","hentry","category-general","category-menjador"],"post_mailing_queue_ids":[],"_links":{"self":[{"href":"https:\/\/agora.xtec.cat\/ceip-molidevent\/wp-json\/wp\/v2\/posts\/2550","targetHints":{"allow":["GET"]}}],"collection":[{"href":"https:\/\/agora.xtec.cat\/ceip-molidevent\/wp-json\/wp\/v2\/posts"}],"about":[{"href":"https:\/\/agora.xtec.cat\/ceip-molidevent\/wp-json\/wp\/v2\/types\/post"}],"author":[{"embeddable":true,"href":"https:\/\/agora.xtec.cat\/ceip-molidevent\/wp-json\/wp\/v2\/users\/1"}],"replies":[{"embeddable":true,"href":"https:\/\/agora.xtec.cat\/ceip-molidevent\/wp-json\/wp\/v2\/comments?post=2550"}],"version-history":[{"count":4,"href":"https:\/\/agora.xtec.cat\/ceip-molidevent\/wp-json\/wp\/v2\/posts\/2550\/revisions"}],"predecessor-version":[{"id":3205,"href":"https:\/\/agora.xtec.cat\/ceip-molidevent\/wp-json\/wp\/v2\/posts\/2550\/revisions\/3205"}],"wp:attachment":[{"href":"https:\/\/agora.xtec.cat\/ceip-molidevent\/wp-json\/wp\/v2\/media?parent=2550"}],"wp:term":[{"taxonomy":"category","embeddable":true,"href":"https:\/\/agora.xtec.cat\/ceip-molidevent\/wp-json\/wp\/v2\/categories?post=2550"},{"taxonomy":"post_tag","embeddable":true,"href":"https:\/\/agora.xtec.cat\/ceip-molidevent\/wp-json\/wp\/v2\/tags?post=2550"}],"curies":[{"name":"wp","href":"https:\/\/api.w.org\/{rel}","templated":true}]}}