{"id":2465,"date":"2017-11-23T17:37:55","date_gmt":"2017-11-23T16:37:55","guid":{"rendered":"http:\/\/agora.xtec.cat\/ceip-molidevent\/?p=2465"},"modified":"2020-09-18T15:34:43","modified_gmt":"2020-09-18T13:34:43","slug":"concert-de-santa-cecilia","status":"publish","type":"post","link":"https:\/\/agora.xtec.cat\/ceip-molidevent\/primaria\/cicle-inicial\/2n\/concert-de-santa-cecilia\/","title":{"rendered":"CONCERT DE SANTA CEC\u00cdLIA"},"content":{"rendered":"<p><a href=\"http:\/\/agora.xtec.cat\/ceip-molidevent\/wp-content\/uploads\/usu1187\/2017\/11\/1-1.jpg\"><img loading=\"lazy\" decoding=\"async\" class=\"size-large wp-image-2466\" src=\"http:\/\/agora.xtec.cat\/ceip-molidevent\/wp-content\/uploads\/usu1187\/2017\/11\/1-1-1024x394.jpg\" alt=\"\" width=\"1024\" height=\"394\" srcset=\"https:\/\/agora.xtec.cat\/ceip-molidevent\/wp-content\/uploads\/usu1187\/2017\/11\/1-1-1024x394.jpg 1024w, https:\/\/agora.xtec.cat\/ceip-molidevent\/wp-content\/uploads\/usu1187\/2017\/11\/1-1-300x116.jpg 300w, https:\/\/agora.xtec.cat\/ceip-molidevent\/wp-content\/uploads\/usu1187\/2017\/11\/1-1-768x296.jpg 768w\" sizes=\"auto, (max-width: 1024px) 100vw, 1024px\" \/><\/a><\/p>\n<p>El dimecres 22 de novembre, l&#8217;Escola Municipal de M\u00fasica de Torredembarra va organitzar una s\u00e8rie d&#8217;actes en motiu de Santa Cec\u00edlia. Una vintena d&#8217;alumnes de segon del Mol\u00ed de Vent\u00a0hi van participar i van poder gaudir d&#8217;un assaig, un concert a la pla\u00e7a de la Fonti un berenar. Va ser tot un \u00e8xit.<\/p>\n<p><a href=\"http:\/\/www.tac12.tv\/torredembarra\/arxiu-torredembarra\/item\/1556-torredembarra-celebra-santa-cecilia-amb-el-tradicional-concert\">En aquest enlla\u00e7<\/a> podeu veure la not\u00edcia de TAC 12.<\/p>\n","protected":false},"excerpt":{"rendered":"<p><a href=\"http:\/\/agora.xtec.cat\/ceip-molidevent\/wp-content\/uploads\/usu1187\/2017\/11\/1-1.jpg\"><\/a><br \/>\nEl dimecres 22 de novembre, l&#8217;Escola Municipal de M\u00fasica de Torredembarra va organitzar una s\u00e8rie d&#8217;actes en motiu de Santa Cec\u00edlia. Una vintena d&#8217;alumnes de segon del Mol\u00ed de Vent\u00a0hi van participar i van poder gaudir d&#8217;un assaig, un concert a la pla\u00e7a de&hellip;  <a href=\"https:\/\/agora.xtec.cat\/ceip-molidevent\/primaria\/cicle-inicial\/2n\/concert-de-santa-cecilia\/\" title=\"Read CONCERT DE SANTA CEC\u00cdLIA\">Llegeix m\u00e9s\u00bb<\/a><\/p>\n","protected":false},"author":1,"featured_media":0,"comment_status":"closed","ping_status":"closed","sticky":false,"template":"","format":"standard","meta":{"_bbp_topic_count":0,"_bbp_reply_count":0,"_bbp_total_topic_count":0,"_bbp_total_reply_count":0,"_bbp_voice_count":0,"_bbp_anonymous_reply_count":0,"_bbp_topic_count_hidden":0,"_bbp_reply_count_hidden":0,"_bbp_forum_subforum_count":0,"footnotes":""},"categories":[109,11,68,61],"tags":[],"class_list":["post-2465","post","type-post","status-publish","format-standard","hentry","category-17-18","category-2n","category-musica","category-cicle-inicial"],"post_mailing_queue_ids":[],"_links":{"self":[{"href":"https:\/\/agora.xtec.cat\/ceip-molidevent\/wp-json\/wp\/v2\/posts\/2465","targetHints":{"allow":["GET"]}}],"collection":[{"href":"https:\/\/agora.xtec.cat\/ceip-molidevent\/wp-json\/wp\/v2\/posts"}],"about":[{"href":"https:\/\/agora.xtec.cat\/ceip-molidevent\/wp-json\/wp\/v2\/types\/post"}],"author":[{"embeddable":true,"href":"https:\/\/agora.xtec.cat\/ceip-molidevent\/wp-json\/wp\/v2\/users\/1"}],"replies":[{"embeddable":true,"href":"https:\/\/agora.xtec.cat\/ceip-molidevent\/wp-json\/wp\/v2\/comments?post=2465"}],"version-history":[{"count":3,"href":"https:\/\/agora.xtec.cat\/ceip-molidevent\/wp-json\/wp\/v2\/posts\/2465\/revisions"}],"predecessor-version":[{"id":2484,"href":"https:\/\/agora.xtec.cat\/ceip-molidevent\/wp-json\/wp\/v2\/posts\/2465\/revisions\/2484"}],"wp:attachment":[{"href":"https:\/\/agora.xtec.cat\/ceip-molidevent\/wp-json\/wp\/v2\/media?parent=2465"}],"wp:term":[{"taxonomy":"category","embeddable":true,"href":"https:\/\/agora.xtec.cat\/ceip-molidevent\/wp-json\/wp\/v2\/categories?post=2465"},{"taxonomy":"post_tag","embeddable":true,"href":"https:\/\/agora.xtec.cat\/ceip-molidevent\/wp-json\/wp\/v2\/tags?post=2465"}],"curies":[{"name":"wp","href":"https:\/\/api.w.org\/{rel}","templated":true}]}}