{"id":2454,"date":"2017-11-21T15:58:14","date_gmt":"2017-11-21T14:58:14","guid":{"rendered":"http:\/\/agora.xtec.cat\/ceip-molidevent\/?p=2454"},"modified":"2020-09-18T15:34:50","modified_gmt":"2020-09-18T13:34:50","slug":"5e-sortida-a-santes-creus","status":"publish","type":"post","link":"https:\/\/agora.xtec.cat\/ceip-molidevent\/general\/5e-sortida-a-santes-creus\/","title":{"rendered":"5\u00e8: SORTIDA A SANTES CREUS"},"content":{"rendered":"<p>El dijous 16 de novembre, el alumnes de 5\u00e8 vam fer una excursi\u00f3 a Santes Creus. A les 8&#8217;30 h. ens va recollir l&#8217;autob\u00fas a l\u2019escola i m\u00e9s o menys vam trigar 50 minuts.<\/p>\n<p>A l&#8217;arribar vam esmorzar a la pla\u00e7a que estava davant del monestir. En acabar vam entrar dins, ens van explicar moltes coses sobre els monjos que fa m\u00e9s de 160 anys vivien all\u00e0: on menjaven, on dormien&#8230; Despr\u00e9s ens van portar a\u00a0l\u2019esgl\u00e9sia on pregaven. Quan ens van explicar totes les coses sobre el monestir vam anar a dinar. Est\u00e0vem al costat d&#8217;un riu que es diu Gai\u00e0, vam estar molt de temps jugant i parlant.<\/p>\n<p>Ens ho vam passar molt b\u00e9!<\/p>\n\n\t\t<style type=\"text\/css\">\n\t\t\t#gallery-1 {\n\t\t\t\tmargin: auto;\n\t\t\t}\n\t\t\t#gallery-1 .gallery-item {\n\t\t\t\tfloat: left;\n\t\t\t\tmargin-top: 10px;\n\t\t\t\ttext-align: center;\n\t\t\t\twidth: 25%;\n\t\t\t}\n\t\t\t#gallery-1 img {\n\t\t\t\tborder: 2px solid #cfcfcf;\n\t\t\t}\n\t\t\t#gallery-1 .gallery-caption {\n\t\t\t\tmargin-left: 0;\n\t\t\t}\n\t\t\t\/* see gallery_shortcode() in wp-includes\/media.php *\/\n\t\t<\/style>\n\t\t<div id='gallery-1' class='gallery galleryid-2454 gallery-columns-4 gallery-size-large'><dl class='gallery-item'>\n\t\t\t<dt class='gallery-icon landscape'>\n\t\t\t\t<a href='https:\/\/agora.xtec.cat\/ceip-molidevent\/general\/5e-sortida-a-santes-creus\/attachment\/sc4-2\/'><img loading=\"lazy\" decoding=\"async\" width=\"895\" height=\"598\" src=\"https:\/\/agora.xtec.cat\/ceip-molidevent\/wp-content\/uploads\/usu1187\/2017\/11\/sc4-1.png\" class=\"attachment-large size-large\" alt=\"\" srcset=\"https:\/\/agora.xtec.cat\/ceip-molidevent\/wp-content\/uploads\/usu1187\/2017\/11\/sc4-1.png 895w, https:\/\/agora.xtec.cat\/ceip-molidevent\/wp-content\/uploads\/usu1187\/2017\/11\/sc4-1-300x200.png 300w, https:\/\/agora.xtec.cat\/ceip-molidevent\/wp-content\/uploads\/usu1187\/2017\/11\/sc4-1-768x513.png 768w\" sizes=\"auto, (max-width: 895px) 100vw, 895px\" \/><\/a>\n\t\t\t<\/dt><\/dl><dl class='gallery-item'>\n\t\t\t<dt class='gallery-icon portrait'>\n\t\t\t\t<a href='https:\/\/agora.xtec.cat\/ceip-molidevent\/general\/5e-sortida-a-santes-creus\/attachment\/sc-2\/'><img loading=\"lazy\" decoding=\"async\" width=\"560\" height=\"734\" src=\"https:\/\/agora.xtec.cat\/ceip-molidevent\/wp-content\/uploads\/usu1187\/2017\/11\/sc-1.png\" class=\"attachment-large size-large\" alt=\"\" srcset=\"https:\/\/agora.xtec.cat\/ceip-molidevent\/wp-content\/uploads\/usu1187\/2017\/11\/sc-1.png 560w, https:\/\/agora.xtec.cat\/ceip-molidevent\/wp-content\/uploads\/usu1187\/2017\/11\/sc-1-229x300.png 229w\" sizes=\"auto, (max-width: 560px) 100vw, 560px\" \/><\/a>\n\t\t\t<\/dt><\/dl><dl class='gallery-item'>\n\t\t\t<dt class='gallery-icon landscape'>\n\t\t\t\t<a href='https:\/\/agora.xtec.cat\/ceip-molidevent\/general\/5e-sortida-a-santes-creus\/attachment\/sc3\/'><img loading=\"lazy\" decoding=\"async\" width=\"991\" height=\"741\" src=\"https:\/\/agora.xtec.cat\/ceip-molidevent\/wp-content\/uploads\/usu1187\/2017\/11\/sc3.png\" class=\"attachment-large size-large\" alt=\"\" srcset=\"https:\/\/agora.xtec.cat\/ceip-molidevent\/wp-content\/uploads\/usu1187\/2017\/11\/sc3.png 991w, https:\/\/agora.xtec.cat\/ceip-molidevent\/wp-content\/uploads\/usu1187\/2017\/11\/sc3-300x224.png 300w, https:\/\/agora.xtec.cat\/ceip-molidevent\/wp-content\/uploads\/usu1187\/2017\/11\/sc3-768x574.png 768w, https:\/\/agora.xtec.cat\/ceip-molidevent\/wp-content\/uploads\/usu1187\/2017\/11\/sc3-200x150.png 200w\" sizes=\"auto, (max-width: 991px) 100vw, 991px\" \/><\/a>\n\t\t\t<\/dt><\/dl><dl class='gallery-item'>\n\t\t\t<dt class='gallery-icon portrait'>\n\t\t\t\t<a href='https:\/\/agora.xtec.cat\/ceip-molidevent\/general\/5e-sortida-a-santes-creus\/attachment\/sc2\/'><img loading=\"lazy\" decoding=\"async\" width=\"562\" height=\"740\" src=\"https:\/\/agora.xtec.cat\/ceip-molidevent\/wp-content\/uploads\/usu1187\/2017\/11\/sc2.png\" class=\"attachment-large size-large\" alt=\"\" srcset=\"https:\/\/agora.xtec.cat\/ceip-molidevent\/wp-content\/uploads\/usu1187\/2017\/11\/sc2.png 562w, https:\/\/agora.xtec.cat\/ceip-molidevent\/wp-content\/uploads\/usu1187\/2017\/11\/sc2-228x300.png 228w\" sizes=\"auto, (max-width: 562px) 100vw, 562px\" \/><\/a>\n\t\t\t<\/dt><\/dl><br style=\"clear: both\" \/>\n\t\t<\/div>\n\n<pre>                                                                              Sergio Montes (5\u00e8 B)<\/pre>\n<p>&nbsp;<\/p>\n","protected":false},"excerpt":{"rendered":"<p>El dijous 16 de novembre, el alumnes de 5\u00e8 vam fer una excursi\u00f3 a Santes Creus. A les 8&#8217;30 h. ens va recollir l&#8217;autob\u00fas a l\u2019escola i m\u00e9s o menys vam trigar 50 minuts.<br \/>\nA l&#8217;arribar vam esmorzar a la pla\u00e7a que estava davant del monestir.&hellip;  <a href=\"https:\/\/agora.xtec.cat\/ceip-molidevent\/general\/5e-sortida-a-santes-creus\/\" title=\"Read 5\u00e8: SORTIDA A SANTES CREUS\">Llegeix m\u00e9s\u00bb<\/a><\/p>\n","protected":false},"author":1,"featured_media":0,"comment_status":"closed","ping_status":"closed","sticky":false,"template":"","format":"standard","meta":{"_bbp_topic_count":0,"_bbp_reply_count":0,"_bbp_total_topic_count":0,"_bbp_total_reply_count":0,"_bbp_voice_count":0,"_bbp_anonymous_reply_count":0,"_bbp_topic_count_hidden":0,"_bbp_reply_count_hidden":0,"_bbp_forum_subforum_count":0,"footnotes":""},"categories":[109,14,1,5,26],"tags":[76,32,16],"class_list":["post-2454","post","type-post","status-publish","format-standard","hentry","category-17-18","category-5e","category-general","category-primaria","category-cicle-superior","tag-cicle-superior","tag-cinque","tag-sortides"],"post_mailing_queue_ids":[],"_links":{"self":[{"href":"https:\/\/agora.xtec.cat\/ceip-molidevent\/wp-json\/wp\/v2\/posts\/2454","targetHints":{"allow":["GET"]}}],"collection":[{"href":"https:\/\/agora.xtec.cat\/ceip-molidevent\/wp-json\/wp\/v2\/posts"}],"about":[{"href":"https:\/\/agora.xtec.cat\/ceip-molidevent\/wp-json\/wp\/v2\/types\/post"}],"author":[{"embeddable":true,"href":"https:\/\/agora.xtec.cat\/ceip-molidevent\/wp-json\/wp\/v2\/users\/1"}],"replies":[{"embeddable":true,"href":"https:\/\/agora.xtec.cat\/ceip-molidevent\/wp-json\/wp\/v2\/comments?post=2454"}],"version-history":[{"count":3,"href":"https:\/\/agora.xtec.cat\/ceip-molidevent\/wp-json\/wp\/v2\/posts\/2454\/revisions"}],"predecessor-version":[{"id":2464,"href":"https:\/\/agora.xtec.cat\/ceip-molidevent\/wp-json\/wp\/v2\/posts\/2454\/revisions\/2464"}],"wp:attachment":[{"href":"https:\/\/agora.xtec.cat\/ceip-molidevent\/wp-json\/wp\/v2\/media?parent=2454"}],"wp:term":[{"taxonomy":"category","embeddable":true,"href":"https:\/\/agora.xtec.cat\/ceip-molidevent\/wp-json\/wp\/v2\/categories?post=2454"},{"taxonomy":"post_tag","embeddable":true,"href":"https:\/\/agora.xtec.cat\/ceip-molidevent\/wp-json\/wp\/v2\/tags?post=2454"}],"curies":[{"name":"wp","href":"https:\/\/api.w.org\/{rel}","templated":true}]}}