{"id":2416,"date":"2017-10-17T19:28:39","date_gmt":"2017-10-17T17:28:39","guid":{"rendered":"http:\/\/agora.xtec.cat\/ceip-molidevent\/?p=2416"},"modified":"2020-09-18T15:32:06","modified_gmt":"2020-09-18T13:32:06","slug":"6es-per-les-terres-de-lebre","status":"publish","type":"post","link":"https:\/\/agora.xtec.cat\/ceip-molidevent\/general\/6es-per-les-terres-de-lebre\/","title":{"rendered":"6\u00e8s PER LES TERRES DE L&#8217;EBRE"},"content":{"rendered":"<p style=\"text-align: justify;\">El passat 9 d&#8217;octubre vam anar a Benifallet , a la comarca del Baix Ebre.<\/p>\n<p style=\"text-align: justify;\">En plena natura, a la sortida del barranc del Catxorro, tocant a I\u2019illa de Cataula, envoltats de la vegetaci\u00f3 frondosa del bosc de ribera i de les aig\u00fces m\u00e9s tranquil\u00b7les\u00a0 i\u00a0 relaxants que puguem imaginar vam passar un mat\u00ed d&#8217;all\u00f2 m\u00e9s emocionant.<\/p>\n<p style=\"text-align: justify;\">En abs\u00e8ncia de corrent, van conduir els nostre caiac amb l\u2019ajut dels monitors que ens van acompanyar en tot moment. Tranquil\u00b7lament vam aprendre tots els moviments b\u00e0sics i en un &#8220;no r\u00e9s&#8221; vam comprovar la facilitat que t\u00e9 aquesta activitat tan relaxant i bonica.<\/p>\n<p style=\"text-align: justify;\">Vam navegar al voltant de les illes del Nap i de Cataula, per l\u2019entrada al Barranc del Catxorro, i passant per sota la mirada del Pont del Llaguter vam anar arribant a l\u2019embarcador del poble.<\/p>\n<p style=\"margin-top: 0cm; text-align: justify; background: white;\"><span style=\"font-family: Arial;\">Despr\u00e9s de dinar vam continuar amb la visita a la cova Meravelles que t\u00e9 un recorregut de 200 metres. <span style=\"background: white;\">\u00a0Un lloc \u00a0fascinant \u00a0amb formacions geol\u00f2giques for\u00e7a estramb\u00f2tiques, on la nostra imaginaci\u00f3 ens va fer veure \u00e9ssers fant\u00e0stics.<\/span><\/span><\/p>\n<p style=\"margin-top: 0cm; text-align: justify; background: white;\">Ens van \u00a0quedar ganes de tornar-hi. Potser, la propera vegada amb la nostra fam\u00edlia?<\/p>\n\n\t\t<style type=\"text\/css\">\n\t\t\t#gallery-1 {\n\t\t\t\tmargin: auto;\n\t\t\t}\n\t\t\t#gallery-1 .gallery-item {\n\t\t\t\tfloat: left;\n\t\t\t\tmargin-top: 10px;\n\t\t\t\ttext-align: center;\n\t\t\t\twidth: 50%;\n\t\t\t}\n\t\t\t#gallery-1 img {\n\t\t\t\tborder: 2px solid #cfcfcf;\n\t\t\t}\n\t\t\t#gallery-1 .gallery-caption {\n\t\t\t\tmargin-left: 0;\n\t\t\t}\n\t\t\t\/* see gallery_shortcode() in wp-includes\/media.php *\/\n\t\t<\/style>\n\t\t<div id='gallery-1' class='gallery galleryid-2416 gallery-columns-2 gallery-size-large'><dl class='gallery-item'>\n\t\t\t<dt class='gallery-icon landscape'>\n\t\t\t\t<a href='https:\/\/agora.xtec.cat\/ceip-molidevent\/general\/6es-per-les-terres-de-lebre\/attachment\/img_6415\/'><img loading=\"lazy\" decoding=\"async\" width=\"1024\" height=\"768\" src=\"https:\/\/agora.xtec.cat\/ceip-molidevent\/wp-content\/uploads\/usu1187\/2017\/10\/IMG_6415-1024x768.jpg\" class=\"attachment-large size-large\" alt=\"\" srcset=\"https:\/\/agora.xtec.cat\/ceip-molidevent\/wp-content\/uploads\/usu1187\/2017\/10\/IMG_6415-1024x768.jpg 1024w, https:\/\/agora.xtec.cat\/ceip-molidevent\/wp-content\/uploads\/usu1187\/2017\/10\/IMG_6415-300x225.jpg 300w, https:\/\/agora.xtec.cat\/ceip-molidevent\/wp-content\/uploads\/usu1187\/2017\/10\/IMG_6415-768x576.jpg 768w, https:\/\/agora.xtec.cat\/ceip-molidevent\/wp-content\/uploads\/usu1187\/2017\/10\/IMG_6415-200x150.jpg 200w\" sizes=\"auto, (max-width: 1024px) 100vw, 1024px\" \/><\/a>\n\t\t\t<\/dt><\/dl><dl class='gallery-item'>\n\t\t\t<dt class='gallery-icon landscape'>\n\t\t\t\t<a href='https:\/\/agora.xtec.cat\/ceip-molidevent\/general\/6es-per-les-terres-de-lebre\/attachment\/img_3545\/'><img loading=\"lazy\" decoding=\"async\" width=\"1024\" height=\"768\" src=\"https:\/\/agora.xtec.cat\/ceip-molidevent\/wp-content\/uploads\/usu1187\/2017\/10\/IMG_3545-1024x768.jpg\" class=\"attachment-large size-large\" alt=\"\" srcset=\"https:\/\/agora.xtec.cat\/ceip-molidevent\/wp-content\/uploads\/usu1187\/2017\/10\/IMG_3545-1024x768.jpg 1024w, https:\/\/agora.xtec.cat\/ceip-molidevent\/wp-content\/uploads\/usu1187\/2017\/10\/IMG_3545-300x225.jpg 300w, https:\/\/agora.xtec.cat\/ceip-molidevent\/wp-content\/uploads\/usu1187\/2017\/10\/IMG_3545-768x576.jpg 768w, https:\/\/agora.xtec.cat\/ceip-molidevent\/wp-content\/uploads\/usu1187\/2017\/10\/IMG_3545-200x150.jpg 200w\" sizes=\"auto, (max-width: 1024px) 100vw, 1024px\" \/><\/a>\n\t\t\t<\/dt><\/dl><br style=\"clear: both\" \/><dl class='gallery-item'>\n\t\t\t<dt class='gallery-icon landscape'>\n\t\t\t\t<a href='https:\/\/agora.xtec.cat\/ceip-molidevent\/general\/6es-per-les-terres-de-lebre\/attachment\/img_7521-3\/'><img loading=\"lazy\" decoding=\"async\" width=\"1024\" height=\"768\" src=\"https:\/\/agora.xtec.cat\/ceip-molidevent\/wp-content\/uploads\/usu1187\/2017\/10\/IMG_7521-3-1024x768.jpg\" class=\"attachment-large size-large\" alt=\"\" srcset=\"https:\/\/agora.xtec.cat\/ceip-molidevent\/wp-content\/uploads\/usu1187\/2017\/10\/IMG_7521-3-1024x768.jpg 1024w, https:\/\/agora.xtec.cat\/ceip-molidevent\/wp-content\/uploads\/usu1187\/2017\/10\/IMG_7521-3-300x225.jpg 300w, https:\/\/agora.xtec.cat\/ceip-molidevent\/wp-content\/uploads\/usu1187\/2017\/10\/IMG_7521-3-768x576.jpg 768w, https:\/\/agora.xtec.cat\/ceip-molidevent\/wp-content\/uploads\/usu1187\/2017\/10\/IMG_7521-3-200x150.jpg 200w\" sizes=\"auto, (max-width: 1024px) 100vw, 1024px\" \/><\/a>\n\t\t\t<\/dt><\/dl><dl class='gallery-item'>\n\t\t\t<dt class='gallery-icon landscape'>\n\t\t\t\t<a href='https:\/\/agora.xtec.cat\/ceip-molidevent\/general\/6es-per-les-terres-de-lebre\/attachment\/img_9533\/'><img loading=\"lazy\" decoding=\"async\" width=\"1024\" height=\"768\" src=\"https:\/\/agora.xtec.cat\/ceip-molidevent\/wp-content\/uploads\/usu1187\/2017\/10\/IMG_9533-1024x768.jpg\" class=\"attachment-large size-large\" alt=\"\" srcset=\"https:\/\/agora.xtec.cat\/ceip-molidevent\/wp-content\/uploads\/usu1187\/2017\/10\/IMG_9533-1024x768.jpg 1024w, https:\/\/agora.xtec.cat\/ceip-molidevent\/wp-content\/uploads\/usu1187\/2017\/10\/IMG_9533-300x225.jpg 300w, https:\/\/agora.xtec.cat\/ceip-molidevent\/wp-content\/uploads\/usu1187\/2017\/10\/IMG_9533-768x576.jpg 768w, https:\/\/agora.xtec.cat\/ceip-molidevent\/wp-content\/uploads\/usu1187\/2017\/10\/IMG_9533-200x150.jpg 200w\" sizes=\"auto, (max-width: 1024px) 100vw, 1024px\" \/><\/a>\n\t\t\t<\/dt><\/dl><br style=\"clear: both\" \/>\n\t\t<\/div>\n\n","protected":false},"excerpt":{"rendered":"<p>El passat 9 d&#8217;octubre vam anar a Benifallet , a la comarca del Baix Ebre.<br \/>\nEn plena natura, a la sortida del barranc del Catxorro, tocant a I\u2019illa de Cataula, envoltats de la vegetaci\u00f3 frondosa del bosc de ribera i de les aig\u00fces m\u00e9s tranquil\u00b7les\u00a0 i\u00a0&hellip;  <a href=\"https:\/\/agora.xtec.cat\/ceip-molidevent\/general\/6es-per-les-terres-de-lebre\/\" title=\"Read 6\u00e8s PER LES TERRES DE L&#8217;EBRE\">Llegeix m\u00e9s\u00bb<\/a><\/p>\n","protected":false},"author":1,"featured_media":0,"comment_status":"closed","ping_status":"closed","sticky":false,"template":"","format":"standard","meta":{"_bbp_topic_count":0,"_bbp_reply_count":0,"_bbp_total_topic_count":0,"_bbp_total_reply_count":0,"_bbp_voice_count":0,"_bbp_anonymous_reply_count":0,"_bbp_topic_count_hidden":0,"_bbp_reply_count_hidden":0,"_bbp_forum_subforum_count":0,"footnotes":""},"categories":[15,1,5,26],"tags":[],"class_list":["post-2416","post","type-post","status-publish","format-standard","hentry","category-6e","category-general","category-primaria","category-cicle-superior"],"post_mailing_queue_ids":[],"_links":{"self":[{"href":"https:\/\/agora.xtec.cat\/ceip-molidevent\/wp-json\/wp\/v2\/posts\/2416","targetHints":{"allow":["GET"]}}],"collection":[{"href":"https:\/\/agora.xtec.cat\/ceip-molidevent\/wp-json\/wp\/v2\/posts"}],"about":[{"href":"https:\/\/agora.xtec.cat\/ceip-molidevent\/wp-json\/wp\/v2\/types\/post"}],"author":[{"embeddable":true,"href":"https:\/\/agora.xtec.cat\/ceip-molidevent\/wp-json\/wp\/v2\/users\/1"}],"replies":[{"embeddable":true,"href":"https:\/\/agora.xtec.cat\/ceip-molidevent\/wp-json\/wp\/v2\/comments?post=2416"}],"version-history":[{"count":3,"href":"https:\/\/agora.xtec.cat\/ceip-molidevent\/wp-json\/wp\/v2\/posts\/2416\/revisions"}],"predecessor-version":[{"id":2426,"href":"https:\/\/agora.xtec.cat\/ceip-molidevent\/wp-json\/wp\/v2\/posts\/2416\/revisions\/2426"}],"wp:attachment":[{"href":"https:\/\/agora.xtec.cat\/ceip-molidevent\/wp-json\/wp\/v2\/media?parent=2416"}],"wp:term":[{"taxonomy":"category","embeddable":true,"href":"https:\/\/agora.xtec.cat\/ceip-molidevent\/wp-json\/wp\/v2\/categories?post=2416"},{"taxonomy":"post_tag","embeddable":true,"href":"https:\/\/agora.xtec.cat\/ceip-molidevent\/wp-json\/wp\/v2\/tags?post=2416"}],"curies":[{"name":"wp","href":"https:\/\/api.w.org\/{rel}","templated":true}]}}