{"id":2375,"date":"2017-09-28T16:50:00","date_gmt":"2017-09-28T14:50:00","guid":{"rendered":"http:\/\/agora.xtec.cat\/ceip-molidevent\/?p=2375"},"modified":"2020-09-18T15:32:22","modified_gmt":"2020-09-18T13:32:22","slug":"els-alumnes-de-1r-hem-anat-a-la-vinya","status":"publish","type":"post","link":"https:\/\/agora.xtec.cat\/ceip-molidevent\/primaria\/els-alumnes-de-1r-hem-anat-a-la-vinya\/","title":{"rendered":"ELS ALUMNES DE 1r HEM ANAT A LA VINYA"},"content":{"rendered":"<p style=\"text-align: center;\"><strong>ELS ALUMNES DE 1r HEM ANAT A LA VINYA<\/strong><\/p>\n<p>DILLUNS LA CLASSE DE LES \u00c0LIGUES I DELS DIABLES VAM ANAR D\u2019EXCURSI\u00d3 A SANT MART\u00cd SARROCA.<\/p>\n<p>QUAN EST\u00c0VEM A L\u2019AUTOB\u00daS VAM VEURE MOLTES VINYES.<\/p>\n<p>QUAN VAM ARRIBAR, VAM ESMORZAR. DESPR\u00c9S VAM\u00a0 VEURE IMATGES DELS CEPS I ENS VAN EXPLICAR UN CONTE DE LA FIL\u00b7LOXERA, QUE ELS ANYS PASSATS ES MENJAVEN ELS CEPS.<\/p>\n<p>TAMB\u00c9 VAM TALLAR RA\u00cfM, VAM AGAFAR P\u00c0MPOLS PER FER UN PUNT DE LLIBRE SUPERXULO I VAM FER UN DIBUIX DEL RA\u00cfM AMB TAPS DE SURO.<\/p>\n<p>VAM XAFAR AMB ELS PEUS\u00a0 EL RA\u00cfM NEGRE\u00a0 QUE HAV\u00cdEM COLLIT CANTANT UNA CAN\u00c7\u00d3 I VAM AGAFAR EL SUC I EL VAM POSAR A UNA AMPOLLA DE VIDRE.<\/p>\n<p>VAM DINAR, VAM JUGAR UN RATET I VAM PROVAR EL MOST I EL VAM TROBAR BON\u00cdSSIM.<\/p>\n<p>QUAN VAM ACABAR, VAM PLANTAR LLAVORS DE PASTANAGA I XIPRER EN UN POTET DE IOGURT QUE ENS VAM EMPORTAR A CASA.<\/p>\n<p>ABANS DE MARXAR, VAM JUGAR A UN JOC DIVERTIT QUE LES FIL.LOXERES HAVIEN D\u2019ATARAPAR ELS CEPS.<\/p>\n<p>AQUESTA EXCURSI\u00d3 VA SER SUPERDIVERTIDA!<\/p>\n<p>( Text fet col\u00b7lectivament escrit per la mestra)<\/p>\n\n\t\t<style type=\"text\/css\">\n\t\t\t#gallery-1 {\n\t\t\t\tmargin: auto;\n\t\t\t}\n\t\t\t#gallery-1 .gallery-item {\n\t\t\t\tfloat: left;\n\t\t\t\tmargin-top: 10px;\n\t\t\t\ttext-align: center;\n\t\t\t\twidth: 50%;\n\t\t\t}\n\t\t\t#gallery-1 img {\n\t\t\t\tborder: 2px solid #cfcfcf;\n\t\t\t}\n\t\t\t#gallery-1 .gallery-caption {\n\t\t\t\tmargin-left: 0;\n\t\t\t}\n\t\t\t\/* see gallery_shortcode() in wp-includes\/media.php *\/\n\t\t<\/style>\n\t\t<div id='gallery-1' class='gallery galleryid-2375 gallery-columns-2 gallery-size-full'><dl class='gallery-item'>\n\t\t\t<dt class='gallery-icon landscape'>\n\t\t\t\t<a href='https:\/\/agora.xtec.cat\/ceip-molidevent\/primaria\/els-alumnes-de-1r-hem-anat-a-la-vinya\/attachment\/web\/'><img loading=\"lazy\" decoding=\"async\" width=\"658\" height=\"495\" src=\"https:\/\/agora.xtec.cat\/ceip-molidevent\/wp-content\/uploads\/usu1187\/2017\/09\/WEB.png\" class=\"attachment-full size-full\" alt=\"\" srcset=\"https:\/\/agora.xtec.cat\/ceip-molidevent\/wp-content\/uploads\/usu1187\/2017\/09\/WEB.png 658w, https:\/\/agora.xtec.cat\/ceip-molidevent\/wp-content\/uploads\/usu1187\/2017\/09\/WEB-300x226.png 300w, https:\/\/agora.xtec.cat\/ceip-molidevent\/wp-content\/uploads\/usu1187\/2017\/09\/WEB-200x150.png 200w\" sizes=\"auto, (max-width: 658px) 100vw, 658px\" \/><\/a>\n\t\t\t<\/dt><\/dl><dl class='gallery-item'>\n\t\t\t<dt class='gallery-icon landscape'>\n\t\t\t\t<a href='https:\/\/agora.xtec.cat\/ceip-molidevent\/primaria\/els-alumnes-de-1r-hem-anat-a-la-vinya\/attachment\/web2\/'><img loading=\"lazy\" decoding=\"async\" width=\"650\" height=\"486\" src=\"https:\/\/agora.xtec.cat\/ceip-molidevent\/wp-content\/uploads\/usu1187\/2017\/09\/WEB2.png\" class=\"attachment-full size-full\" alt=\"\" srcset=\"https:\/\/agora.xtec.cat\/ceip-molidevent\/wp-content\/uploads\/usu1187\/2017\/09\/WEB2.png 650w, https:\/\/agora.xtec.cat\/ceip-molidevent\/wp-content\/uploads\/usu1187\/2017\/09\/WEB2-300x224.png 300w, https:\/\/agora.xtec.cat\/ceip-molidevent\/wp-content\/uploads\/usu1187\/2017\/09\/WEB2-200x150.png 200w\" sizes=\"auto, (max-width: 650px) 100vw, 650px\" \/><\/a>\n\t\t\t<\/dt><\/dl><br style=\"clear: both\" \/>\n\t\t<\/div>\n\n","protected":false},"excerpt":{"rendered":"<p>ELS ALUMNES DE 1r HEM ANAT A LA VINYA<br \/>\nDILLUNS LA CLASSE DE LES \u00c0LIGUES I DELS DIABLES VAM ANAR D\u2019EXCURSI\u00d3 A SANT MART\u00cd SARROCA.<br \/>\nQUAN EST\u00c0VEM A L\u2019AUTOB\u00daS VAM VEURE MOLTES VINYES.<br \/>\nQUAN VAM ARRIBAR, VAM ESMORZAR. DESPR\u00c9S VAM\u00a0 VEURE IMATGES DELS CEPS I ENS VAN EXPLICAR&hellip;  <a href=\"https:\/\/agora.xtec.cat\/ceip-molidevent\/primaria\/els-alumnes-de-1r-hem-anat-a-la-vinya\/\" title=\"Read ELS ALUMNES DE 1r HEM ANAT A LA VINYA\">Llegeix m\u00e9s\u00bb<\/a><\/p>\n","protected":false},"author":5,"featured_media":0,"comment_status":"closed","ping_status":"closed","sticky":false,"template":"","format":"standard","meta":{"_bbp_topic_count":0,"_bbp_reply_count":0,"_bbp_total_topic_count":0,"_bbp_total_reply_count":0,"_bbp_voice_count":0,"_bbp_anonymous_reply_count":0,"_bbp_topic_count_hidden":0,"_bbp_reply_count_hidden":0,"_bbp_forum_subforum_count":0,"footnotes":""},"categories":[109,10,5,61],"tags":[],"class_list":["post-2375","post","type-post","status-publish","format-standard","hentry","category-17-18","category-1r","category-primaria","category-cicle-inicial"],"post_mailing_queue_ids":[],"_links":{"self":[{"href":"https:\/\/agora.xtec.cat\/ceip-molidevent\/wp-json\/wp\/v2\/posts\/2375","targetHints":{"allow":["GET"]}}],"collection":[{"href":"https:\/\/agora.xtec.cat\/ceip-molidevent\/wp-json\/wp\/v2\/posts"}],"about":[{"href":"https:\/\/agora.xtec.cat\/ceip-molidevent\/wp-json\/wp\/v2\/types\/post"}],"author":[{"embeddable":true,"href":"https:\/\/agora.xtec.cat\/ceip-molidevent\/wp-json\/wp\/v2\/users\/5"}],"replies":[{"embeddable":true,"href":"https:\/\/agora.xtec.cat\/ceip-molidevent\/wp-json\/wp\/v2\/comments?post=2375"}],"version-history":[{"count":3,"href":"https:\/\/agora.xtec.cat\/ceip-molidevent\/wp-json\/wp\/v2\/posts\/2375\/revisions"}],"predecessor-version":[{"id":2380,"href":"https:\/\/agora.xtec.cat\/ceip-molidevent\/wp-json\/wp\/v2\/posts\/2375\/revisions\/2380"}],"wp:attachment":[{"href":"https:\/\/agora.xtec.cat\/ceip-molidevent\/wp-json\/wp\/v2\/media?parent=2375"}],"wp:term":[{"taxonomy":"category","embeddable":true,"href":"https:\/\/agora.xtec.cat\/ceip-molidevent\/wp-json\/wp\/v2\/categories?post=2375"},{"taxonomy":"post_tag","embeddable":true,"href":"https:\/\/agora.xtec.cat\/ceip-molidevent\/wp-json\/wp\/v2\/tags?post=2375"}],"curies":[{"name":"wp","href":"https:\/\/api.w.org\/{rel}","templated":true}]}}