{"id":2339,"date":"2017-09-01T13:02:10","date_gmt":"2017-09-01T11:02:10","guid":{"rendered":"http:\/\/agora.xtec.cat\/ceip-molidevent\/?p=2339"},"modified":"2020-09-18T15:15:32","modified_gmt":"2020-09-18T13:15:32","slug":"classes-dinstrument-a-lhora-del-menjador","status":"publish","type":"post","link":"https:\/\/agora.xtec.cat\/ceip-molidevent\/primaria\/classes-dinstrument-a-lhora-del-menjador\/","title":{"rendered":"CLASSES D\u2019INSTRUMENT A L\u2019HORA DEL MENJADOR"},"content":{"rendered":"<p><a href=\"http:\/\/agora.xtec.cat\/ceip-molidevent\/wp-content\/uploads\/usu1187\/2017\/09\/21192436_1150242368441494_8063755134230180293_n.jpg\"><img loading=\"lazy\" decoding=\"async\" class=\"wp-image-2344 alignleft\" src=\"http:\/\/agora.xtec.cat\/ceip-molidevent\/wp-content\/uploads\/usu1187\/2017\/09\/21192436_1150242368441494_8063755134230180293_n.jpg\" alt=\"\" width=\"354\" height=\"501\" srcset=\"https:\/\/agora.xtec.cat\/ceip-molidevent\/wp-content\/uploads\/usu1187\/2017\/09\/21192436_1150242368441494_8063755134230180293_n.jpg 679w, https:\/\/agora.xtec.cat\/ceip-molidevent\/wp-content\/uploads\/usu1187\/2017\/09\/21192436_1150242368441494_8063755134230180293_n-212x300.jpg 212w\" sizes=\"auto, (max-width: 354px) 100vw, 354px\" \/><\/a><\/p>\n<p>El curs passat vam iniciar una col\u2022laboraci\u00f3 molt especial amb l\u2019Escola Municipal de M\u00fasica de Torredembarra (EMMT). Els alumnes de l\u2019Escola Mol\u00ed de Vent que estan matriculats a l\u2019EMMT van poder gaudir de les classes d\u2019instrument a l\u2019horari de menjador. S\u00f3n els professors de l\u2019Escola de M\u00fasica els que es traslladen al Mol\u00ed de Vent per tal d\u2019impartir classes de guitarra cl\u00e0ssica, violoncel o flauta travessera als nostres alumnes. L\u2019experi\u00e8ncia del curs passat va ser molt positiva i enguany repetirem. Precisament aquests dies, l\u2019EMMT ha obert la matr\u00edcula per al curs 2017\/2018. Si voleu matricular els vostres fills a l\u2019Escola de M\u00fasica o demanar m\u00e9s informaci\u00f3 cal que us adreceu al Patronat Antoni Roig, on hi ha la regidoria d\u2019Educaci\u00f3, al carrer Alt de Sant Pere, entre les 8:30h i les 14h.<\/p>\n","protected":false},"excerpt":{"rendered":"<p><a href=\"http:\/\/agora.xtec.cat\/ceip-molidevent\/wp-content\/uploads\/usu1187\/2017\/09\/21192436_1150242368441494_8063755134230180293_n.jpg\"><\/a><br \/>\nEl curs passat vam iniciar una col\u2022laboraci\u00f3 molt especial amb l\u2019Escola Municipal de M\u00fasica de Torredembarra (EMMT). Els alumnes de l\u2019Escola Mol\u00ed de Vent que estan matriculats a l\u2019EMMT van poder gaudir de les classes d\u2019instrument a l\u2019horari de menjador. S\u00f3n els professors de&hellip;  <a href=\"https:\/\/agora.xtec.cat\/ceip-molidevent\/primaria\/classes-dinstrument-a-lhora-del-menjador\/\" title=\"Read CLASSES D\u2019INSTRUMENT A L\u2019HORA DEL MENJADOR\">Llegeix m\u00e9s\u00bb<\/a><\/p>\n","protected":false},"author":1,"featured_media":0,"comment_status":"closed","ping_status":"closed","sticky":false,"template":"","format":"standard","meta":{"_bbp_topic_count":0,"_bbp_reply_count":0,"_bbp_total_topic_count":0,"_bbp_total_reply_count":0,"_bbp_voice_count":0,"_bbp_anonymous_reply_count":0,"_bbp_topic_count_hidden":0,"_bbp_reply_count_hidden":0,"_bbp_forum_subforum_count":0,"footnotes":""},"categories":[68,5],"tags":[],"class_list":["post-2339","post","type-post","status-publish","format-standard","hentry","category-musica","category-primaria"],"post_mailing_queue_ids":[],"_links":{"self":[{"href":"https:\/\/agora.xtec.cat\/ceip-molidevent\/wp-json\/wp\/v2\/posts\/2339","targetHints":{"allow":["GET"]}}],"collection":[{"href":"https:\/\/agora.xtec.cat\/ceip-molidevent\/wp-json\/wp\/v2\/posts"}],"about":[{"href":"https:\/\/agora.xtec.cat\/ceip-molidevent\/wp-json\/wp\/v2\/types\/post"}],"author":[{"embeddable":true,"href":"https:\/\/agora.xtec.cat\/ceip-molidevent\/wp-json\/wp\/v2\/users\/1"}],"replies":[{"embeddable":true,"href":"https:\/\/agora.xtec.cat\/ceip-molidevent\/wp-json\/wp\/v2\/comments?post=2339"}],"version-history":[{"count":1,"href":"https:\/\/agora.xtec.cat\/ceip-molidevent\/wp-json\/wp\/v2\/posts\/2339\/revisions"}],"predecessor-version":[{"id":2345,"href":"https:\/\/agora.xtec.cat\/ceip-molidevent\/wp-json\/wp\/v2\/posts\/2339\/revisions\/2345"}],"wp:attachment":[{"href":"https:\/\/agora.xtec.cat\/ceip-molidevent\/wp-json\/wp\/v2\/media?parent=2339"}],"wp:term":[{"taxonomy":"category","embeddable":true,"href":"https:\/\/agora.xtec.cat\/ceip-molidevent\/wp-json\/wp\/v2\/categories?post=2339"},{"taxonomy":"post_tag","embeddable":true,"href":"https:\/\/agora.xtec.cat\/ceip-molidevent\/wp-json\/wp\/v2\/tags?post=2339"}],"curies":[{"name":"wp","href":"https:\/\/api.w.org\/{rel}","templated":true}]}}