{"id":2283,"date":"2017-06-07T23:11:45","date_gmt":"2017-06-07T21:11:45","guid":{"rendered":"http:\/\/agora.xtec.cat\/ceip-molidevent\/?p=2283"},"modified":"2018-09-21T15:48:44","modified_gmt":"2018-09-21T13:48:44","slug":"acte-de-cloenda-de-llegim-junts","status":"publish","type":"post","link":"https:\/\/agora.xtec.cat\/ceip-molidevent\/general\/acte-de-cloenda-de-llegim-junts\/","title":{"rendered":"Acte de cloenda de &#8220;LLEGIM JUNTS&#8221;"},"content":{"rendered":"<p>Fa uns dies es va celebrar l&#8217;acte de cloenda del projecte &#8220;Llegim Junts&#8221;.<\/p>\n<p>Els &#8220;padrins de lectura&#8221; i els alumnes de 5\u00e8 es van acomiadar a les portes de l&#8217;emblem\u00e0tica biblioteca &#8220;Mestra Maria Ant\u00f2nia&#8221;.<\/p>\n<p>El nostre director va dirigir unes paraules d&#8217;agra\u00efment als padrins, va atorgar-los un diploma per la seva participaci\u00f3 i els va convidar a donar continu\u00eftat al projecte que aquest curs es va encetar amb molta il\u00b7lusi\u00f3. Per la seva part, els padrins tamb\u00e9 van expressar la seva satisfacci\u00f3 ,tan a l&#8217;escola com als alumnes, per haver-los fet gaudir tant d&#8217;aquestes estones amb els nens i nenes de cicle superior, aix\u00ed com les ganes de continuar el proper curs.<\/p>\n<p>Mes tard, els alumnes i els padrins van participar en una gimcana molt divertida, que el mateixos padrins \u00a0havien preparat. Per acabar l&#8217;acte, la Biblioteca va obsequiar a tots els presents amb un petit refrigeri.<\/p>\n<p>Donem les gr\u00e0cies a tots els padrins que aquest curs han participat en aquesta experi\u00e8ncia de lectura compartida regalant el seu temps a la nostra escola per \u00a0fer-la possible.<\/p>\n<p>Fins aviat!<\/p>\n\n\t\t<style type=\"text\/css\">\n\t\t\t#gallery-1 {\n\t\t\t\tmargin: auto;\n\t\t\t}\n\t\t\t#gallery-1 .gallery-item {\n\t\t\t\tfloat: left;\n\t\t\t\tmargin-top: 10px;\n\t\t\t\ttext-align: center;\n\t\t\t\twidth: 33%;\n\t\t\t}\n\t\t\t#gallery-1 img {\n\t\t\t\tborder: 2px solid #cfcfcf;\n\t\t\t}\n\t\t\t#gallery-1 .gallery-caption {\n\t\t\t\tmargin-left: 0;\n\t\t\t}\n\t\t\t\/* see gallery_shortcode() in wp-includes\/media.php *\/\n\t\t<\/style>\n\t\t<div id='gallery-1' class='gallery galleryid-2283 gallery-columns-3 gallery-size-large'><dl class='gallery-item'>\n\t\t\t<dt class='gallery-icon landscape'>\n\t\t\t\t<a href='https:\/\/agora.xtec.cat\/ceip-molidevent\/general\/acte-de-cloenda-de-llegim-junts\/attachment\/3-9\/'><img loading=\"lazy\" decoding=\"async\" width=\"1024\" height=\"572\" src=\"https:\/\/agora.xtec.cat\/ceip-molidevent\/wp-content\/uploads\/usu1187\/2017\/06\/3-1024x572.jpg\" class=\"attachment-large size-large\" alt=\"\" srcset=\"https:\/\/agora.xtec.cat\/ceip-molidevent\/wp-content\/uploads\/usu1187\/2017\/06\/3-1024x572.jpg 1024w, https:\/\/agora.xtec.cat\/ceip-molidevent\/wp-content\/uploads\/usu1187\/2017\/06\/3-300x168.jpg 300w, https:\/\/agora.xtec.cat\/ceip-molidevent\/wp-content\/uploads\/usu1187\/2017\/06\/3-768x429.jpg 768w\" sizes=\"auto, (max-width: 1024px) 100vw, 1024px\" \/><\/a>\n\t\t\t<\/dt><\/dl><dl class='gallery-item'>\n\t\t\t<dt class='gallery-icon landscape'>\n\t\t\t\t<a href='https:\/\/agora.xtec.cat\/ceip-molidevent\/general\/acte-de-cloenda-de-llegim-junts\/attachment\/2-10\/'><img loading=\"lazy\" decoding=\"async\" width=\"1024\" height=\"768\" src=\"https:\/\/agora.xtec.cat\/ceip-molidevent\/wp-content\/uploads\/usu1187\/2017\/06\/2-1024x768.jpg\" class=\"attachment-large size-large\" alt=\"\" srcset=\"https:\/\/agora.xtec.cat\/ceip-molidevent\/wp-content\/uploads\/usu1187\/2017\/06\/2-1024x768.jpg 1024w, https:\/\/agora.xtec.cat\/ceip-molidevent\/wp-content\/uploads\/usu1187\/2017\/06\/2-300x225.jpg 300w, https:\/\/agora.xtec.cat\/ceip-molidevent\/wp-content\/uploads\/usu1187\/2017\/06\/2-768x576.jpg 768w, https:\/\/agora.xtec.cat\/ceip-molidevent\/wp-content\/uploads\/usu1187\/2017\/06\/2-200x150.jpg 200w\" sizes=\"auto, (max-width: 1024px) 100vw, 1024px\" \/><\/a>\n\t\t\t<\/dt><\/dl><dl class='gallery-item'>\n\t\t\t<dt class='gallery-icon landscape'>\n\t\t\t\t<a href='https:\/\/agora.xtec.cat\/ceip-molidevent\/general\/acte-de-cloenda-de-llegim-junts\/attachment\/1-15\/'><img loading=\"lazy\" decoding=\"async\" width=\"1024\" height=\"768\" src=\"https:\/\/agora.xtec.cat\/ceip-molidevent\/wp-content\/uploads\/usu1187\/2017\/06\/1-1-1024x768.jpg\" class=\"attachment-large size-large\" alt=\"\" srcset=\"https:\/\/agora.xtec.cat\/ceip-molidevent\/wp-content\/uploads\/usu1187\/2017\/06\/1-1-1024x768.jpg 1024w, https:\/\/agora.xtec.cat\/ceip-molidevent\/wp-content\/uploads\/usu1187\/2017\/06\/1-1-300x225.jpg 300w, https:\/\/agora.xtec.cat\/ceip-molidevent\/wp-content\/uploads\/usu1187\/2017\/06\/1-1-768x576.jpg 768w, https:\/\/agora.xtec.cat\/ceip-molidevent\/wp-content\/uploads\/usu1187\/2017\/06\/1-1-200x150.jpg 200w\" sizes=\"auto, (max-width: 1024px) 100vw, 1024px\" \/><\/a>\n\t\t\t<\/dt><\/dl><br style=\"clear: both\" \/>\n\t\t<\/div>\n\n","protected":false},"excerpt":{"rendered":"<p>Fa uns dies es va celebrar l&#8217;acte de cloenda del projecte &#8220;Llegim Junts&#8221;.<br \/>\nEls &#8220;padrins de lectura&#8221; i els alumnes de 5\u00e8 es van acomiadar a les portes de l&#8217;emblem\u00e0tica biblioteca &#8220;Mestra Maria Ant\u00f2nia&#8221;.<br \/>\nEl nostre director va dirigir unes paraules d&#8217;agra\u00efment als padrins, va atorgar-los un&hellip;  <a href=\"https:\/\/agora.xtec.cat\/ceip-molidevent\/general\/acte-de-cloenda-de-llegim-junts\/\" title=\"Read Acte de cloenda de &#8220;LLEGIM JUNTS&#8221;\">Llegeix m\u00e9s\u00bb<\/a><\/p>\n","protected":false},"author":1,"featured_media":0,"comment_status":"closed","ping_status":"closed","sticky":false,"template":"","format":"standard","meta":{"_bbp_topic_count":0,"_bbp_reply_count":0,"_bbp_total_topic_count":0,"_bbp_total_reply_count":0,"_bbp_voice_count":0,"_bbp_anonymous_reply_count":0,"_bbp_topic_count_hidden":0,"_bbp_reply_count_hidden":0,"_bbp_forum_subforum_count":0,"footnotes":""},"categories":[96,14,1,5,26],"tags":[],"class_list":["post-2283","post","type-post","status-publish","format-standard","hentry","category-16-17","category-5e","category-general","category-primaria","category-cicle-superior"],"post_mailing_queue_ids":[],"_links":{"self":[{"href":"https:\/\/agora.xtec.cat\/ceip-molidevent\/wp-json\/wp\/v2\/posts\/2283","targetHints":{"allow":["GET"]}}],"collection":[{"href":"https:\/\/agora.xtec.cat\/ceip-molidevent\/wp-json\/wp\/v2\/posts"}],"about":[{"href":"https:\/\/agora.xtec.cat\/ceip-molidevent\/wp-json\/wp\/v2\/types\/post"}],"author":[{"embeddable":true,"href":"https:\/\/agora.xtec.cat\/ceip-molidevent\/wp-json\/wp\/v2\/users\/1"}],"replies":[{"embeddable":true,"href":"https:\/\/agora.xtec.cat\/ceip-molidevent\/wp-json\/wp\/v2\/comments?post=2283"}],"version-history":[{"count":3,"href":"https:\/\/agora.xtec.cat\/ceip-molidevent\/wp-json\/wp\/v2\/posts\/2283\/revisions"}],"predecessor-version":[{"id":2298,"href":"https:\/\/agora.xtec.cat\/ceip-molidevent\/wp-json\/wp\/v2\/posts\/2283\/revisions\/2298"}],"wp:attachment":[{"href":"https:\/\/agora.xtec.cat\/ceip-molidevent\/wp-json\/wp\/v2\/media?parent=2283"}],"wp:term":[{"taxonomy":"category","embeddable":true,"href":"https:\/\/agora.xtec.cat\/ceip-molidevent\/wp-json\/wp\/v2\/categories?post=2283"},{"taxonomy":"post_tag","embeddable":true,"href":"https:\/\/agora.xtec.cat\/ceip-molidevent\/wp-json\/wp\/v2\/tags?post=2283"}],"curies":[{"name":"wp","href":"https:\/\/api.w.org\/{rel}","templated":true}]}}