{"id":2248,"date":"2017-05-24T12:22:53","date_gmt":"2017-05-24T10:22:53","guid":{"rendered":"http:\/\/agora.xtec.cat\/ceip-molidevent\/?p=2248"},"modified":"2018-09-21T15:49:25","modified_gmt":"2018-09-21T13:49:25","slug":"colonies-de-6e","status":"publish","type":"post","link":"https:\/\/agora.xtec.cat\/ceip-molidevent\/general\/colonies-de-6e\/","title":{"rendered":"Col\u00f2nies de 6\u00e8"},"content":{"rendered":"<h3>3r dia<\/h3>\n<p>Bon dia!!! Avui hem descansat molt\u00edssim per agafar forces pel darrer dia; roc\u00f2drom i jocs d&#8217;aigua!! D&#8217;aqu\u00ed unes horetes ja estarem a Torredembarra.<\/p>\n<p><a href=\"https:\/\/drive.google.com\/open?id=0ByE3H-f_YR4WLU5lakJRVV9mQVk\" target=\"_blank\"><img loading=\"lazy\" decoding=\"async\" class=\"alignleft wp-image-2271\" src=\"http:\/\/agora.xtec.cat\/ceip-molidevent\/wp-content\/uploads\/usu1187\/2017\/05\/IMG_4217-225x300.jpg\" alt=\"IMG_4217\" width=\"395\" height=\"527\" srcset=\"https:\/\/agora.xtec.cat\/ceip-molidevent\/wp-content\/uploads\/usu1187\/2017\/05\/IMG_4217-225x300.jpg 225w, https:\/\/agora.xtec.cat\/ceip-molidevent\/wp-content\/uploads\/usu1187\/2017\/05\/IMG_4217-768x1024.jpg 768w, https:\/\/agora.xtec.cat\/ceip-molidevent\/wp-content\/uploads\/usu1187\/2017\/05\/IMG_4217.jpg 1200w\" sizes=\"auto, (max-width: 395px) 100vw, 395px\" \/><\/a><\/p>\n<h3><\/h3>\n<h3><\/h3>\n<h3><\/h3>\n<h3><\/h3>\n<h3><\/h3>\n<h3><\/h3>\n<h3><\/h3>\n<h3><\/h3>\n<h3><\/h3>\n<h3><\/h3>\n<h3><\/h3>\n<h3><\/h3>\n<hr \/>\n<h3>2n dia:<\/h3>\n<p>Avui hem esmorzar, fet tir amb arc i camp d&#8217;aventura; el que m\u00e9s ens ha agradat han estat les tirolines!!! Ara anem a dinar i per la tarda ens espera el treking aquatic que en tenim moltes ganes!!<\/p>\n<p><a href=\"https:\/\/drive.google.com\/open?id=0ByE3H-f_YR4WLThXd21jcERvNDA\" target=\"_blank\"><img loading=\"lazy\" decoding=\"async\" class=\"alignleft wp-image-2265\" src=\"http:\/\/agora.xtec.cat\/ceip-molidevent\/wp-content\/uploads\/usu1187\/2017\/05\/IMG_4187-169x300.jpg\" alt=\"IMG_4187\" width=\"396\" height=\"703\" \/><\/a><\/p>\n<p>&nbsp;<\/p>\n<p>&nbsp;<\/p>\n<p>&nbsp;<\/p>\n<p>&nbsp;<\/p>\n<p>&nbsp;<\/p>\n<p>&nbsp;<\/p>\n<p>&nbsp;<\/p>\n<p>&nbsp;<\/p>\n<hr \/>\n<h3>1r dia:<\/h3>\n<p>Els alumnes de 6\u00e8 ja han arribat a la casa de col\u00f2nies.<\/p>\n<p>Ens han arribat fotos del viatge&#8230;<\/p>\n<p><a href=\"https:\/\/drive.google.com\/open?id=0ByE3H-f_YR4WLTVMVEhXUFVtRU0\" target=\"_blank\"><img loading=\"lazy\" decoding=\"async\" class=\"wp-image-2252 alignleft\" src=\"http:\/\/agora.xtec.cat\/ceip-molidevent\/wp-content\/uploads\/usu1187\/2017\/05\/IMG_4060.jpg\" alt=\"IMG_4060\" width=\"449\" height=\"599\" srcset=\"https:\/\/agora.xtec.cat\/ceip-molidevent\/wp-content\/uploads\/usu1187\/2017\/05\/IMG_4060.jpg 1200w, https:\/\/agora.xtec.cat\/ceip-molidevent\/wp-content\/uploads\/usu1187\/2017\/05\/IMG_4060-225x300.jpg 225w, https:\/\/agora.xtec.cat\/ceip-molidevent\/wp-content\/uploads\/usu1187\/2017\/05\/IMG_4060-768x1024.jpg 768w\" sizes=\"auto, (max-width: 449px) 100vw, 449px\" \/><\/a><\/p>\n<p>&nbsp;<\/p>\n<p>&nbsp;<\/p>\n<p>&nbsp;<\/p>\n<p>&nbsp;<\/p>\n<p>&nbsp;<\/p>\n<p>&nbsp;<\/p>\n<p>&nbsp;<\/p>\n<p>&nbsp;<\/p>\n<p>&nbsp;<\/p>\n<p>&nbsp;<\/p>\n<p>&nbsp;<\/p>\n<p>&nbsp;<\/p>\n<p>&nbsp;<\/p>\n<p>&nbsp;<\/p>\n<p>&#8230; del primer \u00e0pat a la casa..<\/p>\n<p><a href=\"https:\/\/drive.google.com\/open?id=0ByE3H-f_YR4WLUUwNXlFdGR0N0E\" target=\"_blank\"><img loading=\"lazy\" decoding=\"async\" class=\"wp-image-2261 alignleft\" src=\"http:\/\/agora.xtec.cat\/ceip-molidevent\/wp-content\/uploads\/usu1187\/2017\/05\/IMG_4130.jpg\" alt=\"IMG_4130\" width=\"449\" height=\"798\" \/><\/a><\/p>\n<p>&nbsp;<\/p>\n<p>&nbsp;<\/p>\n<p>&nbsp;<\/p>\n<p>&nbsp;<\/p>\n<p>&nbsp;<\/p>\n<p>&nbsp;<\/p>\n<p>&nbsp;<\/p>\n<p>&nbsp;<\/p>\n<p>&nbsp;<\/p>\n<p>&nbsp;<\/p>\n<p>&nbsp;<\/p>\n<p>&nbsp;<\/p>\n<p>&nbsp;<\/p>\n<p>&nbsp;<\/p>\n<p>&nbsp;<\/p>\n<p>&nbsp;<\/p>\n<p>&nbsp;<\/p>\n<p>&nbsp;<\/p>\n<p>&nbsp;<\/p>\n<p>I aqu\u00ed teniu fotos de l&#8217;activitat d&#8217;orientaci\u00f3 que han fet amb l&#8217;ajuda d&#8217;un mapa i una br\u00faixola..<\/p>\n<p><a href=\"https:\/\/drive.google.com\/open?id=0ByE3H-f_YR4WLTVnR1JXRWgxZDQ\" target=\"_blank\"><img loading=\"lazy\" decoding=\"async\" class=\"wp-image-2262 alignleft\" src=\"http:\/\/agora.xtec.cat\/ceip-molidevent\/wp-content\/uploads\/usu1187\/2017\/05\/IMG_4121.jpg\" alt=\"IMG_4121\" width=\"449\" height=\"599\" srcset=\"https:\/\/agora.xtec.cat\/ceip-molidevent\/wp-content\/uploads\/usu1187\/2017\/05\/IMG_4121.jpg 1200w, https:\/\/agora.xtec.cat\/ceip-molidevent\/wp-content\/uploads\/usu1187\/2017\/05\/IMG_4121-225x300.jpg 225w, https:\/\/agora.xtec.cat\/ceip-molidevent\/wp-content\/uploads\/usu1187\/2017\/05\/IMG_4121-768x1024.jpg 768w\" sizes=\"auto, (max-width: 449px) 100vw, 449px\" \/><\/a><\/p>\n","protected":false},"excerpt":{"rendered":"<p>3r dia<br \/>\nBon dia!!! Avui hem descansat molt\u00edssim per agafar forces pel darrer dia; roc\u00f2drom i jocs d&#8217;aigua!! D&#8217;aqu\u00ed unes horetes ja estarem a Torredembarra.<br \/>\n<a href=\"https:\/\/drive.google.com\/open?id=0ByE3H-f_YR4WLU5lakJRVV9mQVk\" target=\"_blank\"><\/a><\/p>\n<p>2n dia:<br \/>\nAvui hem esmorzar, fet tir amb arc i camp d&#8217;aventura; el que m\u00e9s ens ha agradat han estat les&hellip;  <a href=\"https:\/\/agora.xtec.cat\/ceip-molidevent\/general\/colonies-de-6e\/\" title=\"Read Col\u00f2nies de 6\u00e8\">Llegeix m\u00e9s\u00bb<\/a><\/p>\n","protected":false},"author":1,"featured_media":2265,"comment_status":"closed","ping_status":"closed","sticky":false,"template":"","format":"standard","meta":{"_bbp_topic_count":0,"_bbp_reply_count":0,"_bbp_total_topic_count":0,"_bbp_total_reply_count":0,"_bbp_voice_count":0,"_bbp_anonymous_reply_count":0,"_bbp_topic_count_hidden":0,"_bbp_reply_count_hidden":0,"_bbp_forum_subforum_count":0,"footnotes":""},"categories":[96,15,1,26],"tags":[76,36,33],"class_list":["post-2248","post","type-post","status-publish","format-standard","has-post-thumbnail","hentry","category-16-17","category-6e","category-general","category-cicle-superior","tag-cicle-superior","tag-colonies","tag-sise"],"post_mailing_queue_ids":[],"_links":{"self":[{"href":"https:\/\/agora.xtec.cat\/ceip-molidevent\/wp-json\/wp\/v2\/posts\/2248","targetHints":{"allow":["GET"]}}],"collection":[{"href":"https:\/\/agora.xtec.cat\/ceip-molidevent\/wp-json\/wp\/v2\/posts"}],"about":[{"href":"https:\/\/agora.xtec.cat\/ceip-molidevent\/wp-json\/wp\/v2\/types\/post"}],"author":[{"embeddable":true,"href":"https:\/\/agora.xtec.cat\/ceip-molidevent\/wp-json\/wp\/v2\/users\/1"}],"replies":[{"embeddable":true,"href":"https:\/\/agora.xtec.cat\/ceip-molidevent\/wp-json\/wp\/v2\/comments?post=2248"}],"version-history":[{"count":3,"href":"https:\/\/agora.xtec.cat\/ceip-molidevent\/wp-json\/wp\/v2\/posts\/2248\/revisions"}],"predecessor-version":[{"id":2273,"href":"https:\/\/agora.xtec.cat\/ceip-molidevent\/wp-json\/wp\/v2\/posts\/2248\/revisions\/2273"}],"wp:featuredmedia":[{"embeddable":true,"href":"https:\/\/agora.xtec.cat\/ceip-molidevent\/wp-json\/wp\/v2\/media\/2265"}],"wp:attachment":[{"href":"https:\/\/agora.xtec.cat\/ceip-molidevent\/wp-json\/wp\/v2\/media?parent=2248"}],"wp:term":[{"taxonomy":"category","embeddable":true,"href":"https:\/\/agora.xtec.cat\/ceip-molidevent\/wp-json\/wp\/v2\/categories?post=2248"},{"taxonomy":"post_tag","embeddable":true,"href":"https:\/\/agora.xtec.cat\/ceip-molidevent\/wp-json\/wp\/v2\/tags?post=2248"}],"curies":[{"name":"wp","href":"https:\/\/api.w.org\/{rel}","templated":true}]}}