{"id":2238,"date":"2017-05-19T18:11:30","date_gmt":"2017-05-19T16:11:30","guid":{"rendered":"http:\/\/agora.xtec.cat\/ceip-molidevent\/?p=2238"},"modified":"2018-09-21T15:49:45","modified_gmt":"2018-09-21T13:49:45","slug":"tarraco-viva","status":"publish","type":"post","link":"https:\/\/agora.xtec.cat\/ceip-molidevent\/general\/tarraco-viva\/","title":{"rendered":"TARRACO VIVA"},"content":{"rendered":"<p style=\"text-align: left;\"><a href=\"http:\/\/agora.xtec.cat\/ceip-molidevent\/wp-content\/uploads\/usu1187\/2017\/05\/IMG-20170518-WA0000.jpg\"><img loading=\"lazy\" decoding=\"async\" class=\"alignnone size-large wp-image-2235\" src=\"http:\/\/agora.xtec.cat\/ceip-molidevent\/wp-content\/uploads\/usu1187\/2017\/05\/IMG-20170518-WA0000-1024x576.jpg\" alt=\"IMG-20170518-WA0000\" width=\"1024\" height=\"576\" srcset=\"https:\/\/agora.xtec.cat\/ceip-molidevent\/wp-content\/uploads\/usu1187\/2017\/05\/IMG-20170518-WA0000-1024x576.jpg 1024w, https:\/\/agora.xtec.cat\/ceip-molidevent\/wp-content\/uploads\/usu1187\/2017\/05\/IMG-20170518-WA0000-300x169.jpg 300w, https:\/\/agora.xtec.cat\/ceip-molidevent\/wp-content\/uploads\/usu1187\/2017\/05\/IMG-20170518-WA0000-768x432.jpg 768w, https:\/\/agora.xtec.cat\/ceip-molidevent\/wp-content\/uploads\/usu1187\/2017\/05\/IMG-20170518-WA0000.jpg 1328w\" sizes=\"auto, (max-width: 1024px) 100vw, 1024px\" \/><\/a>El 18 de maig els alumnes de 5\u00e8 van participar en les jornades de T\u00e0rraco Viva realitzant l&#8217;activitat : <strong>&#8220;Juguem com jugaven els nens i nenes de T\u00e0rraco&#8221;.<\/strong> Durant tot un mat\u00ed es van veure immersos en l&#8217;\u00e8poca de l&#8217;emparador Adri\u00e0.Va ser una experi\u00e8ncia divertida i a l&#8217;hora instructiva que sempre recordaran.<\/p>\n","protected":false},"excerpt":{"rendered":"<p><a href=\"http:\/\/agora.xtec.cat\/ceip-molidevent\/wp-content\/uploads\/usu1187\/2017\/05\/IMG-20170518-WA0000.jpg\"><\/a>El 18 de maig els alumnes de 5\u00e8 van participar en les jornades de T\u00e0rraco Viva realitzant l&#8217;activitat : &#8220;Juguem com jugaven els nens i nenes de T\u00e0rraco&#8221;. Durant tot un mat\u00ed es van veure immersos en l&#8217;\u00e8poca de l&#8217;emparador Adri\u00e0.Va ser una experi\u00e8ncia&hellip;  <a href=\"https:\/\/agora.xtec.cat\/ceip-molidevent\/general\/tarraco-viva\/\" title=\"Read TARRACO VIVA\">Llegeix m\u00e9s\u00bb<\/a><\/p>\n","protected":false},"author":1,"featured_media":2235,"comment_status":"closed","ping_status":"open","sticky":false,"template":"","format":"standard","meta":{"_bbp_topic_count":0,"_bbp_reply_count":0,"_bbp_total_topic_count":0,"_bbp_total_reply_count":0,"_bbp_voice_count":0,"_bbp_anonymous_reply_count":0,"_bbp_topic_count_hidden":0,"_bbp_reply_count_hidden":0,"_bbp_forum_subforum_count":0,"footnotes":""},"categories":[96,14,1,5,26],"tags":[],"class_list":["post-2238","post","type-post","status-publish","format-standard","has-post-thumbnail","hentry","category-16-17","category-5e","category-general","category-primaria","category-cicle-superior"],"post_mailing_queue_ids":[],"_links":{"self":[{"href":"https:\/\/agora.xtec.cat\/ceip-molidevent\/wp-json\/wp\/v2\/posts\/2238","targetHints":{"allow":["GET"]}}],"collection":[{"href":"https:\/\/agora.xtec.cat\/ceip-molidevent\/wp-json\/wp\/v2\/posts"}],"about":[{"href":"https:\/\/agora.xtec.cat\/ceip-molidevent\/wp-json\/wp\/v2\/types\/post"}],"author":[{"embeddable":true,"href":"https:\/\/agora.xtec.cat\/ceip-molidevent\/wp-json\/wp\/v2\/users\/1"}],"replies":[{"embeddable":true,"href":"https:\/\/agora.xtec.cat\/ceip-molidevent\/wp-json\/wp\/v2\/comments?post=2238"}],"version-history":[{"count":2,"href":"https:\/\/agora.xtec.cat\/ceip-molidevent\/wp-json\/wp\/v2\/posts\/2238\/revisions"}],"predecessor-version":[{"id":2240,"href":"https:\/\/agora.xtec.cat\/ceip-molidevent\/wp-json\/wp\/v2\/posts\/2238\/revisions\/2240"}],"wp:featuredmedia":[{"embeddable":true,"href":"https:\/\/agora.xtec.cat\/ceip-molidevent\/wp-json\/wp\/v2\/media\/2235"}],"wp:attachment":[{"href":"https:\/\/agora.xtec.cat\/ceip-molidevent\/wp-json\/wp\/v2\/media?parent=2238"}],"wp:term":[{"taxonomy":"category","embeddable":true,"href":"https:\/\/agora.xtec.cat\/ceip-molidevent\/wp-json\/wp\/v2\/categories?post=2238"},{"taxonomy":"post_tag","embeddable":true,"href":"https:\/\/agora.xtec.cat\/ceip-molidevent\/wp-json\/wp\/v2\/tags?post=2238"}],"curies":[{"name":"wp","href":"https:\/\/api.w.org\/{rel}","templated":true}]}}