{"id":2187,"date":"2017-04-07T09:00:52","date_gmt":"2017-04-07T07:00:52","guid":{"rendered":"http:\/\/agora.xtec.cat\/ceip-molidevent\/?p=2187"},"modified":"2018-09-21T15:50:55","modified_gmt":"2018-09-21T13:50:55","slug":"conte-musical-a-cal-maiam","status":"publish","type":"post","link":"https:\/\/agora.xtec.cat\/ceip-molidevent\/infantil\/p5\/conte-musical-a-cal-maiam\/","title":{"rendered":"CONTE MUSICAL A CAL MAIAM"},"content":{"rendered":"<p><a href=\"http:\/\/agora.xtec.cat\/ceip-molidevent\/wp-content\/uploads\/usu1187\/2017\/04\/1.jpg\"><img loading=\"lazy\" decoding=\"async\" class=\"alignnone size-full wp-image-2188\" src=\"http:\/\/agora.xtec.cat\/ceip-molidevent\/wp-content\/uploads\/usu1187\/2017\/04\/1.jpg\" alt=\"1\" width=\"871\" height=\"494\" srcset=\"https:\/\/agora.xtec.cat\/ceip-molidevent\/wp-content\/uploads\/usu1187\/2017\/04\/1.jpg 871w, https:\/\/agora.xtec.cat\/ceip-molidevent\/wp-content\/uploads\/usu1187\/2017\/04\/1-300x170.jpg 300w, https:\/\/agora.xtec.cat\/ceip-molidevent\/wp-content\/uploads\/usu1187\/2017\/04\/1-768x436.jpg 768w\" sizes=\"auto, (max-width: 871px) 100vw, 871px\" \/><\/a><\/p>\n<p>El dimarts 4 d&#8217;abril, els professors de l&#8217;Escola Municipal de M\u00fasica de Torredembarra van interpretar el conte musical &#8220;Feli\u00e7 aniversari&#8221; a cal Maiam. Els alumnes de P5 i de 1r de la nostra escola van assistir-hi com a p\u00fablic.<\/p>\n","protected":false},"excerpt":{"rendered":"<p><a href=\"http:\/\/agora.xtec.cat\/ceip-molidevent\/wp-content\/uploads\/usu1187\/2017\/04\/1.jpg\"><\/a><br \/>\nEl dimarts 4 d&#8217;abril, els professors de l&#8217;Escola Municipal de M\u00fasica de Torredembarra van interpretar el conte musical &#8220;Feli\u00e7 aniversari&#8221; a cal Maiam. Els alumnes de P5 i de 1r de la nostra escola van assistir-hi com a p\u00fablic.<\/p>\n","protected":false},"author":1,"featured_media":2188,"comment_status":"closed","ping_status":"open","sticky":false,"template":"","format":"standard","meta":{"_bbp_topic_count":0,"_bbp_reply_count":0,"_bbp_total_topic_count":0,"_bbp_total_reply_count":0,"_bbp_voice_count":0,"_bbp_anonymous_reply_count":0,"_bbp_topic_count_hidden":0,"_bbp_reply_count_hidden":0,"_bbp_forum_subforum_count":0,"footnotes":""},"categories":[96,10,9,68],"tags":[],"class_list":["post-2187","post","type-post","status-publish","format-standard","has-post-thumbnail","hentry","category-16-17","category-1r","category-p5","category-musica"],"post_mailing_queue_ids":[],"_links":{"self":[{"href":"https:\/\/agora.xtec.cat\/ceip-molidevent\/wp-json\/wp\/v2\/posts\/2187","targetHints":{"allow":["GET"]}}],"collection":[{"href":"https:\/\/agora.xtec.cat\/ceip-molidevent\/wp-json\/wp\/v2\/posts"}],"about":[{"href":"https:\/\/agora.xtec.cat\/ceip-molidevent\/wp-json\/wp\/v2\/types\/post"}],"author":[{"embeddable":true,"href":"https:\/\/agora.xtec.cat\/ceip-molidevent\/wp-json\/wp\/v2\/users\/1"}],"replies":[{"embeddable":true,"href":"https:\/\/agora.xtec.cat\/ceip-molidevent\/wp-json\/wp\/v2\/comments?post=2187"}],"version-history":[{"count":1,"href":"https:\/\/agora.xtec.cat\/ceip-molidevent\/wp-json\/wp\/v2\/posts\/2187\/revisions"}],"predecessor-version":[{"id":2189,"href":"https:\/\/agora.xtec.cat\/ceip-molidevent\/wp-json\/wp\/v2\/posts\/2187\/revisions\/2189"}],"wp:featuredmedia":[{"embeddable":true,"href":"https:\/\/agora.xtec.cat\/ceip-molidevent\/wp-json\/wp\/v2\/media\/2188"}],"wp:attachment":[{"href":"https:\/\/agora.xtec.cat\/ceip-molidevent\/wp-json\/wp\/v2\/media?parent=2187"}],"wp:term":[{"taxonomy":"category","embeddable":true,"href":"https:\/\/agora.xtec.cat\/ceip-molidevent\/wp-json\/wp\/v2\/categories?post=2187"},{"taxonomy":"post_tag","embeddable":true,"href":"https:\/\/agora.xtec.cat\/ceip-molidevent\/wp-json\/wp\/v2\/tags?post=2187"}],"curies":[{"name":"wp","href":"https:\/\/api.w.org\/{rel}","templated":true}]}}