{"id":2181,"date":"2017-04-07T08:44:43","date_gmt":"2017-04-07T06:44:43","guid":{"rendered":"http:\/\/agora.xtec.cat\/ceip-molidevent\/?p=2181"},"modified":"2018-09-21T15:51:02","modified_gmt":"2018-09-21T13:51:02","slug":"plpk","status":"publish","type":"post","link":"https:\/\/agora.xtec.cat\/ceip-molidevent\/general\/plpk\/","title":{"rendered":"CLASSES D&#8217;INSTRUMENT A L&#8217;ESCOLA"},"content":{"rendered":"<p><img loading=\"lazy\" decoding=\"async\" class=\"wp-image-2182 alignleft\" src=\"http:\/\/agora.xtec.cat\/ceip-molidevent\/wp-content\/uploads\/usu1187\/2017\/04\/IMG_20170403_134430.jpg\" alt=\"IMG_20170403_134430\" width=\"459\" height=\"349\" srcset=\"https:\/\/agora.xtec.cat\/ceip-molidevent\/wp-content\/uploads\/usu1187\/2017\/04\/IMG_20170403_134430.jpg 922w, https:\/\/agora.xtec.cat\/ceip-molidevent\/wp-content\/uploads\/usu1187\/2017\/04\/IMG_20170403_134430-300x228.jpg 300w, https:\/\/agora.xtec.cat\/ceip-molidevent\/wp-content\/uploads\/usu1187\/2017\/04\/IMG_20170403_134430-768x584.jpg 768w\" sizes=\"auto, (max-width: 459px) 100vw, 459px\" \/>Aquest curs, els alumnes del Mol\u00ed de Vent que estan matriculats a l&#8217;Escola Municipal de M\u00fasica de Torredembarra han comen\u00e7at a fer les classes d&#8217;instrument a la nostra aula de m\u00fasica, a l&#8217;hora del menjador. Es tracta d&#8217;un projecte que ha tingut molt bons resultats i que desitgem tingui continu\u00eftat els cursos vinents.<\/p>\n","protected":false},"excerpt":{"rendered":"<p>Aquest curs, els alumnes del Mol\u00ed de Vent que estan matriculats a l&#8217;Escola Municipal de M\u00fasica de Torredembarra han comen\u00e7at a fer les classes d&#8217;instrument a la nostra aula de m\u00fasica, a l&#8217;hora del menjador. Es tracta d&#8217;un projecte que ha tingut molt bons resultats&hellip;  <a href=\"https:\/\/agora.xtec.cat\/ceip-molidevent\/general\/plpk\/\" title=\"Read CLASSES D&#8217;INSTRUMENT A L&#8217;ESCOLA\">Llegeix m\u00e9s\u00bb<\/a><\/p>\n","protected":false},"author":1,"featured_media":0,"comment_status":"closed","ping_status":"open","sticky":false,"template":"","format":"standard","meta":{"_bbp_topic_count":0,"_bbp_reply_count":0,"_bbp_total_topic_count":0,"_bbp_total_reply_count":0,"_bbp_voice_count":0,"_bbp_anonymous_reply_count":0,"_bbp_topic_count_hidden":0,"_bbp_reply_count_hidden":0,"_bbp_forum_subforum_count":0,"footnotes":""},"categories":[96,1,68,5],"tags":[],"class_list":["post-2181","post","type-post","status-publish","format-standard","hentry","category-16-17","category-general","category-musica","category-primaria"],"post_mailing_queue_ids":[],"_links":{"self":[{"href":"https:\/\/agora.xtec.cat\/ceip-molidevent\/wp-json\/wp\/v2\/posts\/2181","targetHints":{"allow":["GET"]}}],"collection":[{"href":"https:\/\/agora.xtec.cat\/ceip-molidevent\/wp-json\/wp\/v2\/posts"}],"about":[{"href":"https:\/\/agora.xtec.cat\/ceip-molidevent\/wp-json\/wp\/v2\/types\/post"}],"author":[{"embeddable":true,"href":"https:\/\/agora.xtec.cat\/ceip-molidevent\/wp-json\/wp\/v2\/users\/1"}],"replies":[{"embeddable":true,"href":"https:\/\/agora.xtec.cat\/ceip-molidevent\/wp-json\/wp\/v2\/comments?post=2181"}],"version-history":[{"count":4,"href":"https:\/\/agora.xtec.cat\/ceip-molidevent\/wp-json\/wp\/v2\/posts\/2181\/revisions"}],"predecessor-version":[{"id":2195,"href":"https:\/\/agora.xtec.cat\/ceip-molidevent\/wp-json\/wp\/v2\/posts\/2181\/revisions\/2195"}],"wp:attachment":[{"href":"https:\/\/agora.xtec.cat\/ceip-molidevent\/wp-json\/wp\/v2\/media?parent=2181"}],"wp:term":[{"taxonomy":"category","embeddable":true,"href":"https:\/\/agora.xtec.cat\/ceip-molidevent\/wp-json\/wp\/v2\/categories?post=2181"},{"taxonomy":"post_tag","embeddable":true,"href":"https:\/\/agora.xtec.cat\/ceip-molidevent\/wp-json\/wp\/v2\/tags?post=2181"}],"curies":[{"name":"wp","href":"https:\/\/api.w.org\/{rel}","templated":true}]}}