{"id":2089,"date":"2017-02-20T21:58:57","date_gmt":"2017-02-20T20:58:57","guid":{"rendered":"http:\/\/agora.xtec.cat\/ceip-molidevent\/?p=2089"},"modified":"2020-09-18T15:16:11","modified_gmt":"2020-09-18T13:16:11","slug":"reserva-natural-de-sebes","status":"publish","type":"post","link":"https:\/\/agora.xtec.cat\/ceip-molidevent\/general\/reserva-natural-de-sebes\/","title":{"rendered":"RESERVA NATURAL DE SEBES"},"content":{"rendered":"<p><a href=\"http:\/\/agora.xtec.cat\/ceip-molidevent\/wp-content\/uploads\/usu1187\/2017\/02\/sebes2.jpg\"><img loading=\"lazy\" decoding=\"async\" class=\"aligncenter size-large wp-image-2090\" src=\"http:\/\/agora.xtec.cat\/ceip-molidevent\/wp-content\/uploads\/usu1187\/2017\/02\/sebes2-1024x629.jpg\" alt=\"sebes2\" width=\"1024\" height=\"629\" srcset=\"https:\/\/agora.xtec.cat\/ceip-molidevent\/wp-content\/uploads\/usu1187\/2017\/02\/sebes2-1024x629.jpg 1024w, https:\/\/agora.xtec.cat\/ceip-molidevent\/wp-content\/uploads\/usu1187\/2017\/02\/sebes2-300x184.jpg 300w, https:\/\/agora.xtec.cat\/ceip-molidevent\/wp-content\/uploads\/usu1187\/2017\/02\/sebes2-768x472.jpg 768w\" sizes=\"auto, (max-width: 1024px) 100vw, 1024px\" \/><\/a>Avui, els alumnes de 5\u00e8 hem viatjat a la Ribera d&#8217;Ebre per visitar la reserva natural de Sebes, a Flix, i estudiar diversos ecosistemes que s&#8217;hi troben.<\/p>\n<p>Hem fet un bon recorregut \u00a0per passeres, cases de fusta- observatoris i camins. Hem avistat \u00e0necs, \u00e0guiles, corbs marins, martinets, colls verds, cigonyes&#8230; Tamb\u00e9 hem observat els excrements d&#8217;alguns animals per entendre com es comporten dins del seu h\u00e0bitat.<\/p>\n<p>Hem conegut i alimentat cavalls de la Camarga. Ens han ensenyant com antigament els treballadors feien el cam\u00ed de sirga pel riu Ebre.<\/p>\n<p>Ha sigut, tot plegat, una bona viv\u00e8ncia per recordar.<\/p>\n","protected":false},"excerpt":{"rendered":"<p><a href=\"http:\/\/agora.xtec.cat\/ceip-molidevent\/wp-content\/uploads\/usu1187\/2017\/02\/sebes2.jpg\"><\/a>Avui, els alumnes de 5\u00e8 hem viatjat a la Ribera d&#8217;Ebre per visitar la reserva natural de Sebes, a Flix, i estudiar diversos ecosistemes que s&#8217;hi troben.<br \/>\nHem fet un bon recorregut \u00a0per passeres, cases de fusta- observatoris i camins. Hem avistat \u00e0necs, \u00e0guiles, corbs&hellip;  <a href=\"https:\/\/agora.xtec.cat\/ceip-molidevent\/general\/reserva-natural-de-sebes\/\" title=\"Read RESERVA NATURAL DE SEBES\">Llegeix m\u00e9s\u00bb<\/a><\/p>\n","protected":false},"author":1,"featured_media":2090,"comment_status":"closed","ping_status":"open","sticky":false,"template":"","format":"standard","meta":{"_bbp_topic_count":0,"_bbp_reply_count":0,"_bbp_total_topic_count":0,"_bbp_total_reply_count":0,"_bbp_voice_count":0,"_bbp_anonymous_reply_count":0,"_bbp_topic_count_hidden":0,"_bbp_reply_count_hidden":0,"_bbp_forum_subforum_count":0,"footnotes":""},"categories":[1,5,26],"tags":[16],"class_list":["post-2089","post","type-post","status-publish","format-standard","has-post-thumbnail","hentry","category-general","category-primaria","category-cicle-superior","tag-sortides"],"post_mailing_queue_ids":[],"_links":{"self":[{"href":"https:\/\/agora.xtec.cat\/ceip-molidevent\/wp-json\/wp\/v2\/posts\/2089","targetHints":{"allow":["GET"]}}],"collection":[{"href":"https:\/\/agora.xtec.cat\/ceip-molidevent\/wp-json\/wp\/v2\/posts"}],"about":[{"href":"https:\/\/agora.xtec.cat\/ceip-molidevent\/wp-json\/wp\/v2\/types\/post"}],"author":[{"embeddable":true,"href":"https:\/\/agora.xtec.cat\/ceip-molidevent\/wp-json\/wp\/v2\/users\/1"}],"replies":[{"embeddable":true,"href":"https:\/\/agora.xtec.cat\/ceip-molidevent\/wp-json\/wp\/v2\/comments?post=2089"}],"version-history":[{"count":3,"href":"https:\/\/agora.xtec.cat\/ceip-molidevent\/wp-json\/wp\/v2\/posts\/2089\/revisions"}],"predecessor-version":[{"id":2093,"href":"https:\/\/agora.xtec.cat\/ceip-molidevent\/wp-json\/wp\/v2\/posts\/2089\/revisions\/2093"}],"wp:featuredmedia":[{"embeddable":true,"href":"https:\/\/agora.xtec.cat\/ceip-molidevent\/wp-json\/wp\/v2\/media\/2090"}],"wp:attachment":[{"href":"https:\/\/agora.xtec.cat\/ceip-molidevent\/wp-json\/wp\/v2\/media?parent=2089"}],"wp:term":[{"taxonomy":"category","embeddable":true,"href":"https:\/\/agora.xtec.cat\/ceip-molidevent\/wp-json\/wp\/v2\/categories?post=2089"},{"taxonomy":"post_tag","embeddable":true,"href":"https:\/\/agora.xtec.cat\/ceip-molidevent\/wp-json\/wp\/v2\/tags?post=2089"}],"curies":[{"name":"wp","href":"https:\/\/api.w.org\/{rel}","templated":true}]}}