{"id":2035,"date":"2017-01-11T10:05:47","date_gmt":"2017-01-11T09:05:47","guid":{"rendered":"http:\/\/agora.xtec.cat\/ceip-molidevent\/?p=2035"},"modified":"2020-09-18T15:16:19","modified_gmt":"2020-09-18T13:16:19","slug":"educacio-fisica-jornades-datletisme","status":"publish","type":"post","link":"https:\/\/agora.xtec.cat\/ceip-molidevent\/general\/educacio-fisica-jornades-datletisme\/","title":{"rendered":"Educaci\u00f3 F\u00edsica: jornades d&#8217;atletisme"},"content":{"rendered":"<p><img loading=\"lazy\" decoding=\"async\" class=\"wp-image-2036 alignleft\" src=\"http:\/\/agora.xtec.cat\/ceip-molidevent\/wp-content\/uploads\/usu1187\/2017\/01\/Captura-1-300x163.png\" alt=\"captura\" width=\"427\" height=\"232\" srcset=\"https:\/\/agora.xtec.cat\/ceip-molidevent\/wp-content\/uploads\/usu1187\/2017\/01\/Captura-1-300x163.png 300w, https:\/\/agora.xtec.cat\/ceip-molidevent\/wp-content\/uploads\/usu1187\/2017\/01\/Captura-1.png 596w\" sizes=\"auto, (max-width: 427px) 100vw, 427px\" \/>Els alumnes de la nostra escola van anar el passat diumenge 23 d\u2019octubre als jocs escolars d\u2019atletisme que es van celebrar a les pistes d\u2019atletisme de la UDT. Com cada any, a les classes d\u2019educaci\u00f3 f\u00edsica van estar practicant les diferents proves: cursa de 50 metres, cursa de 300 metres, salt de llargada i llan\u00e7ament de pilota. Aquest any l\u2019escola Mol\u00ed de Vent ha quedat en primera posici\u00f3 en participaci\u00f3 amb 104 alumnes. Respecte als resultats, s&#8217;han aconseguit\u00a015 ors, 15 argents i 13 bronzes. Ha estat un \u00e8xit per la nostra escola!&#8230; L\u2019any que b\u00e9 continuarem treballant perqu\u00e8 tot surti tan b\u00e9 i tornin a participar el m\u00e0xim d&#8217;alumnes. A la nostra escola, tots els professors apostem perqu\u00e8 els nostres alumnes practiquin esport fora de l\u2019horari lectiu, per afavorir una vida saludable. Enhorabona a tots els\/les participants.<\/p>\n","protected":false},"excerpt":{"rendered":"<p>Els alumnes de la nostra escola van anar el passat diumenge 23 d\u2019octubre als jocs escolars d\u2019atletisme que es van celebrar a les pistes d\u2019atletisme de la UDT. Com cada any, a les classes d\u2019educaci\u00f3 f\u00edsica van estar practicant les diferents proves: cursa de 50&hellip;  <a href=\"https:\/\/agora.xtec.cat\/ceip-molidevent\/general\/educacio-fisica-jornades-datletisme\/\" title=\"Read Educaci\u00f3 F\u00edsica: jornades d&#8217;atletisme\">Llegeix m\u00e9s\u00bb<\/a><\/p>\n","protected":false},"author":1,"featured_media":2036,"comment_status":"closed","ping_status":"open","sticky":false,"template":"","format":"standard","meta":{"_bbp_topic_count":0,"_bbp_reply_count":0,"_bbp_total_topic_count":0,"_bbp_total_reply_count":0,"_bbp_voice_count":0,"_bbp_anonymous_reply_count":0,"_bbp_topic_count_hidden":0,"_bbp_reply_count_hidden":0,"_bbp_forum_subforum_count":0,"footnotes":""},"categories":[96,12,13,14,15,46,1,5,78,26],"tags":[],"class_list":["post-2035","post","type-post","status-publish","format-standard","has-post-thumbnail","hentry","category-16-17","category-3r","category-4t","category-5e","category-6e","category-educacio-fisica","category-general","category-primaria","category-cicle-mitja","category-cicle-superior"],"post_mailing_queue_ids":[],"_links":{"self":[{"href":"https:\/\/agora.xtec.cat\/ceip-molidevent\/wp-json\/wp\/v2\/posts\/2035","targetHints":{"allow":["GET"]}}],"collection":[{"href":"https:\/\/agora.xtec.cat\/ceip-molidevent\/wp-json\/wp\/v2\/posts"}],"about":[{"href":"https:\/\/agora.xtec.cat\/ceip-molidevent\/wp-json\/wp\/v2\/types\/post"}],"author":[{"embeddable":true,"href":"https:\/\/agora.xtec.cat\/ceip-molidevent\/wp-json\/wp\/v2\/users\/1"}],"replies":[{"embeddable":true,"href":"https:\/\/agora.xtec.cat\/ceip-molidevent\/wp-json\/wp\/v2\/comments?post=2035"}],"version-history":[{"count":2,"href":"https:\/\/agora.xtec.cat\/ceip-molidevent\/wp-json\/wp\/v2\/posts\/2035\/revisions"}],"predecessor-version":[{"id":2038,"href":"https:\/\/agora.xtec.cat\/ceip-molidevent\/wp-json\/wp\/v2\/posts\/2035\/revisions\/2038"}],"wp:featuredmedia":[{"embeddable":true,"href":"https:\/\/agora.xtec.cat\/ceip-molidevent\/wp-json\/wp\/v2\/media\/2036"}],"wp:attachment":[{"href":"https:\/\/agora.xtec.cat\/ceip-molidevent\/wp-json\/wp\/v2\/media?parent=2035"}],"wp:term":[{"taxonomy":"category","embeddable":true,"href":"https:\/\/agora.xtec.cat\/ceip-molidevent\/wp-json\/wp\/v2\/categories?post=2035"},{"taxonomy":"post_tag","embeddable":true,"href":"https:\/\/agora.xtec.cat\/ceip-molidevent\/wp-json\/wp\/v2\/tags?post=2035"}],"curies":[{"name":"wp","href":"https:\/\/api.w.org\/{rel}","templated":true}]}}