{"id":195,"date":"2014-11-10T13:49:10","date_gmt":"2014-11-10T13:49:10","guid":{"rendered":"http:\/\/blocs.xtec.cat\/molideventcm\/?p=195"},"modified":"2015-05-20T15:08:07","modified_gmt":"2015-05-20T14:08:07","slug":"activitats-de-castanyada","status":"publish","type":"post","link":"https:\/\/agora.xtec.cat\/ceip-molidevent\/general\/activitats-de-castanyada\/","title":{"rendered":"Activitats de castanyada"},"content":{"rendered":"<p style=\"text-align: justify;\">Dijous 30 i divendres 31 d&#8217;octubre vam fer diverses activitats per la Castanyada. A cicle mitj\u00e0 vam optar per fer unes receptes de cuina.<\/p>\n<p style=\"text-align: justify;\">A 3r ens vam dedicar a fer una maced\u00f2nia amb fruites t\u00edpiques de la tardor i a 4t, un past\u00eds de castanyes amb xocolata.<\/p>\n<p>A les fotos podeu apreciar com ens ho vam passar d&#8217;all\u00f2 m\u00e9s b\u00e9.<\/p>\n<p><a href=\"http:\/\/agora.xtec.cat\/ceip-molidevent\/wp-content\/uploads\/usu1187\/2014\/11\/castanyada1.jpg\"><img loading=\"lazy\" decoding=\"async\" class=\"alignnone size-medium wp-image-199\" src=\"http:\/\/agora.xtec.cat\/ceip-molidevent\/wp-content\/uploads\/usu1187\/2014\/11\/castanyada1-300x146.jpg\" alt=\"castanyada1\" width=\"300\" height=\"146\" srcset=\"https:\/\/agora.xtec.cat\/ceip-molidevent\/wp-content\/uploads\/usu1187\/2014\/11\/castanyada1-300x146.jpg 300w, https:\/\/agora.xtec.cat\/ceip-molidevent\/wp-content\/uploads\/usu1187\/2014\/11\/castanyada1-1024x498.jpg 1024w\" sizes=\"auto, (max-width: 300px) 100vw, 300px\" \/><\/a><a href=\"http:\/\/agora.xtec.cat\/ceip-molidevent\/wp-content\/uploads\/usu1187\/2014\/11\/castanyada2.jpg\"><img loading=\"lazy\" decoding=\"async\" class=\"alignnone size-medium wp-image-200\" src=\"http:\/\/agora.xtec.cat\/ceip-molidevent\/wp-content\/uploads\/usu1187\/2014\/11\/castanyada2-300x147.jpg\" alt=\"castanyada2\" width=\"300\" height=\"147\" srcset=\"https:\/\/agora.xtec.cat\/ceip-molidevent\/wp-content\/uploads\/usu1187\/2014\/11\/castanyada2-300x147.jpg 300w, https:\/\/agora.xtec.cat\/ceip-molidevent\/wp-content\/uploads\/usu1187\/2014\/11\/castanyada2-1024x504.jpg 1024w\" sizes=\"auto, (max-width: 300px) 100vw, 300px\" \/><\/a><\/p>\n<p>[youtube]http:\/\/youtu.be\/cfw1JWUVkxo[\/youtube]<\/p>\n","protected":false},"excerpt":{"rendered":"<p>Dijous 30 i divendres 31 d&#8217;octubre vam fer diverses activitats per la Castanyada. A cicle mitj\u00e0 vam optar per fer unes receptes de cuina.<br \/>\nA 3r ens vam dedicar a fer una maced\u00f2nia amb fruites t\u00edpiques de la tardor i a 4t, un past\u00eds de castanyes&hellip;  <a href=\"https:\/\/agora.xtec.cat\/ceip-molidevent\/general\/activitats-de-castanyada\/\" title=\"Read Activitats de castanyada\">Llegeix m\u00e9s\u00bb<\/a><\/p>\n","protected":false},"author":1,"featured_media":0,"comment_status":"open","ping_status":"open","sticky":false,"template":"","format":"standard","meta":{"_bbp_topic_count":0,"_bbp_reply_count":0,"_bbp_total_topic_count":0,"_bbp_total_reply_count":0,"_bbp_voice_count":0,"_bbp_anonymous_reply_count":0,"_bbp_topic_count_hidden":0,"_bbp_reply_count_hidden":0,"_bbp_forum_subforum_count":0,"footnotes":""},"categories":[12,13,1,5,78],"tags":[],"class_list":["post-195","post","type-post","status-publish","format-standard","hentry","category-3r","category-4t","category-general","category-primaria","category-cicle-mitja"],"post_mailing_queue_ids":[],"_links":{"self":[{"href":"https:\/\/agora.xtec.cat\/ceip-molidevent\/wp-json\/wp\/v2\/posts\/195","targetHints":{"allow":["GET"]}}],"collection":[{"href":"https:\/\/agora.xtec.cat\/ceip-molidevent\/wp-json\/wp\/v2\/posts"}],"about":[{"href":"https:\/\/agora.xtec.cat\/ceip-molidevent\/wp-json\/wp\/v2\/types\/post"}],"author":[{"embeddable":true,"href":"https:\/\/agora.xtec.cat\/ceip-molidevent\/wp-json\/wp\/v2\/users\/1"}],"replies":[{"embeddable":true,"href":"https:\/\/agora.xtec.cat\/ceip-molidevent\/wp-json\/wp\/v2\/comments?post=195"}],"version-history":[{"count":1,"href":"https:\/\/agora.xtec.cat\/ceip-molidevent\/wp-json\/wp\/v2\/posts\/195\/revisions"}],"predecessor-version":[{"id":675,"href":"https:\/\/agora.xtec.cat\/ceip-molidevent\/wp-json\/wp\/v2\/posts\/195\/revisions\/675"}],"wp:attachment":[{"href":"https:\/\/agora.xtec.cat\/ceip-molidevent\/wp-json\/wp\/v2\/media?parent=195"}],"wp:term":[{"taxonomy":"category","embeddable":true,"href":"https:\/\/agora.xtec.cat\/ceip-molidevent\/wp-json\/wp\/v2\/categories?post=195"},{"taxonomy":"post_tag","embeddable":true,"href":"https:\/\/agora.xtec.cat\/ceip-molidevent\/wp-json\/wp\/v2\/tags?post=195"}],"curies":[{"name":"wp","href":"https:\/\/api.w.org\/{rel}","templated":true}]}}