{"id":1938,"date":"2016-11-11T10:34:17","date_gmt":"2016-11-11T09:34:17","guid":{"rendered":"http:\/\/agora.xtec.cat\/ceip-molidevent\/?p=1938"},"modified":"2020-09-18T15:35:39","modified_gmt":"2020-09-18T13:35:39","slug":"fem-de-periodistes","status":"publish","type":"post","link":"https:\/\/agora.xtec.cat\/ceip-molidevent\/general\/fem-de-periodistes\/","title":{"rendered":"Fem de periodistes!!"},"content":{"rendered":"<p>&nbsp;<\/p>\n<p><a href=\"http:\/\/agora.xtec.cat\/ceip-molidevent\/wp-content\/uploads\/usu1187\/2016\/11\/Captura-4.png\"><img loading=\"lazy\" decoding=\"async\" class=\"alignnone size-full wp-image-1939\" src=\"http:\/\/agora.xtec.cat\/ceip-molidevent\/wp-content\/uploads\/usu1187\/2016\/11\/Captura-4.png\" alt=\"captura\" width=\"667\" height=\"501\" srcset=\"https:\/\/agora.xtec.cat\/ceip-molidevent\/wp-content\/uploads\/usu1187\/2016\/11\/Captura-4.png 667w, https:\/\/agora.xtec.cat\/ceip-molidevent\/wp-content\/uploads\/usu1187\/2016\/11\/Captura-4-300x225.png 300w, https:\/\/agora.xtec.cat\/ceip-molidevent\/wp-content\/uploads\/usu1187\/2016\/11\/Captura-4-200x150.png 200w\" sizes=\"auto, (max-width: 667px) 100vw, 667px\" \/><\/a><\/p>\n<p>Coneixeu l&#8217;ofici d&#8217;en Tintin, Superman o Geronimo Stilton ?<\/p>\n<p>Dijous 10 de novembre ens ha visitat una periodista, per\u00f2 aquesta vegada, una periodista de deb\u00f3.<\/p>\n<p>L&#8217; Anna Rius, mare de la Maria Rius, ens ha explicat com s&#8217;escriu una not\u00edcia i com \u00e9s de divertit i apassionant la professi\u00f3 de periodista.<\/p>\n<p>Anna Rius TV3 Mol\u00ed de Vent!!<\/p>\n<p>Gr\u00e0cies Anna, ens ho hem passat molt b\u00e9!<\/p>\n","protected":false},"excerpt":{"rendered":"<p>&nbsp;<br \/>\n<a href=\"http:\/\/agora.xtec.cat\/ceip-molidevent\/wp-content\/uploads\/usu1187\/2016\/11\/Captura-4.png\"><\/a><br \/>\nConeixeu l&#8217;ofici d&#8217;en Tintin, Superman o Geronimo Stilton ?<br \/>\nDijous 10 de novembre ens ha visitat una periodista, per\u00f2 aquesta vegada, una periodista de deb\u00f3.<br \/>\nL&#8217; Anna Rius, mare de la Maria Rius, ens ha explicat com s&#8217;escriu una not\u00edcia i com \u00e9s de divertit i&hellip;  <a href=\"https:\/\/agora.xtec.cat\/ceip-molidevent\/general\/fem-de-periodistes\/\" title=\"Read Fem de periodistes!!\">Llegeix m\u00e9s\u00bb<\/a><\/p>\n","protected":false},"author":1,"featured_media":1939,"comment_status":"closed","ping_status":"open","sticky":false,"template":"","format":"standard","meta":{"_bbp_topic_count":0,"_bbp_reply_count":0,"_bbp_total_topic_count":0,"_bbp_total_reply_count":0,"_bbp_voice_count":0,"_bbp_anonymous_reply_count":0,"_bbp_topic_count_hidden":0,"_bbp_reply_count_hidden":0,"_bbp_forum_subforum_count":0,"footnotes":""},"categories":[96,13,48,1,5,78],"tags":[],"class_list":["post-1938","post","type-post","status-publish","format-standard","has-post-thumbnail","hentry","category-16-17","category-4t","category-catala","category-general","category-primaria","category-cicle-mitja"],"post_mailing_queue_ids":[],"_links":{"self":[{"href":"https:\/\/agora.xtec.cat\/ceip-molidevent\/wp-json\/wp\/v2\/posts\/1938","targetHints":{"allow":["GET"]}}],"collection":[{"href":"https:\/\/agora.xtec.cat\/ceip-molidevent\/wp-json\/wp\/v2\/posts"}],"about":[{"href":"https:\/\/agora.xtec.cat\/ceip-molidevent\/wp-json\/wp\/v2\/types\/post"}],"author":[{"embeddable":true,"href":"https:\/\/agora.xtec.cat\/ceip-molidevent\/wp-json\/wp\/v2\/users\/1"}],"replies":[{"embeddable":true,"href":"https:\/\/agora.xtec.cat\/ceip-molidevent\/wp-json\/wp\/v2\/comments?post=1938"}],"version-history":[{"count":3,"href":"https:\/\/agora.xtec.cat\/ceip-molidevent\/wp-json\/wp\/v2\/posts\/1938\/revisions"}],"predecessor-version":[{"id":1949,"href":"https:\/\/agora.xtec.cat\/ceip-molidevent\/wp-json\/wp\/v2\/posts\/1938\/revisions\/1949"}],"wp:featuredmedia":[{"embeddable":true,"href":"https:\/\/agora.xtec.cat\/ceip-molidevent\/wp-json\/wp\/v2\/media\/1939"}],"wp:attachment":[{"href":"https:\/\/agora.xtec.cat\/ceip-molidevent\/wp-json\/wp\/v2\/media?parent=1938"}],"wp:term":[{"taxonomy":"category","embeddable":true,"href":"https:\/\/agora.xtec.cat\/ceip-molidevent\/wp-json\/wp\/v2\/categories?post=1938"},{"taxonomy":"post_tag","embeddable":true,"href":"https:\/\/agora.xtec.cat\/ceip-molidevent\/wp-json\/wp\/v2\/tags?post=1938"}],"curies":[{"name":"wp","href":"https:\/\/api.w.org\/{rel}","templated":true}]}}