{"id":191,"date":"2014-11-06T10:06:29","date_gmt":"2014-11-06T10:06:29","guid":{"rendered":"http:\/\/blocs.xtec.cat\/molideventcm\/?p=191"},"modified":"2015-05-20T15:08:47","modified_gmt":"2015-05-20T14:08:47","slug":"gran-participacio-atletica","status":"publish","type":"post","link":"https:\/\/agora.xtec.cat\/ceip-molidevent\/general\/gran-participacio-atletica\/","title":{"rendered":"Gran participaci\u00f3 atl\u00e8tica"},"content":{"rendered":"<p style=\"text-align: justify;\">Els nens del Mol\u00ed de Vent fan una gran participaci\u00f3 a les jornades esportives del passat 26 d&#8217;octubre a la UDT. Gaireb\u00e9 la meitat del nens i nenes de 3r va quedar a les primeres posicions guanyant aix\u00ed un trofeu.<\/p>\n<p style=\"text-align: center;\">MOLIT\u00cdSSIMES FELICITATS A TOTHOM!!<\/p>\n<p><a href=\"http:\/\/agora.xtec.cat\/ceip-molidevent\/wp-content\/uploads\/usu1187\/2014\/11\/trofeus3A.jpg\"><img loading=\"lazy\" decoding=\"async\" class=\"aligncenter wp-image-192 size-medium\" src=\"http:\/\/agora.xtec.cat\/ceip-molidevent\/wp-content\/uploads\/usu1187\/2014\/11\/trofeus3A-300x224.jpg\" alt=\"trofeus3A\" width=\"300\" height=\"224\" \/><\/a><\/p>\n<p>Aix\u00f2 s\u00ed, no s&#8217;oblideu d&#8217;estudiar <a title=\"C. Medi (naturals)\" href=\"http:\/\/blocs.xtec.cat\/molideventcm\/coneixement-del-medi-naturals\/\">MEDI<\/a>!!<\/p>\n<p>&nbsp;<\/p>\n","protected":false},"excerpt":{"rendered":"<p>Els nens del Mol\u00ed de Vent fan una gran participaci\u00f3 a les jornades esportives del passat 26 d&#8217;octubre a la UDT. Gaireb\u00e9 la meitat del nens i nenes de 3r va quedar a les primeres posicions guanyant aix\u00ed un trofeu.<br \/>\nMOLIT\u00cdSSIMES FELICITATS A TOTHOM!!<br \/>\n<a href=\"http:\/\/agora.xtec.cat\/ceip-molidevent\/wp-content\/uploads\/usu1187\/2014\/11\/trofeus3A.jpg\"><\/a><br \/>\nAix\u00f2 s\u00ed,&hellip;  <a href=\"https:\/\/agora.xtec.cat\/ceip-molidevent\/general\/gran-participacio-atletica\/\" title=\"Read Gran participaci\u00f3 atl\u00e8tica\">Llegeix m\u00e9s\u00bb<\/a><\/p>\n","protected":false},"author":1,"featured_media":0,"comment_status":"open","ping_status":"open","sticky":false,"template":"","format":"standard","meta":{"_bbp_topic_count":0,"_bbp_reply_count":0,"_bbp_total_topic_count":0,"_bbp_total_reply_count":0,"_bbp_voice_count":0,"_bbp_anonymous_reply_count":0,"_bbp_topic_count_hidden":0,"_bbp_reply_count_hidden":0,"_bbp_forum_subforum_count":0,"footnotes":""},"categories":[12,13,1,5,78],"tags":[],"class_list":["post-191","post","type-post","status-publish","format-standard","hentry","category-3r","category-4t","category-general","category-primaria","category-cicle-mitja"],"post_mailing_queue_ids":[],"_links":{"self":[{"href":"https:\/\/agora.xtec.cat\/ceip-molidevent\/wp-json\/wp\/v2\/posts\/191","targetHints":{"allow":["GET"]}}],"collection":[{"href":"https:\/\/agora.xtec.cat\/ceip-molidevent\/wp-json\/wp\/v2\/posts"}],"about":[{"href":"https:\/\/agora.xtec.cat\/ceip-molidevent\/wp-json\/wp\/v2\/types\/post"}],"author":[{"embeddable":true,"href":"https:\/\/agora.xtec.cat\/ceip-molidevent\/wp-json\/wp\/v2\/users\/1"}],"replies":[{"embeddable":true,"href":"https:\/\/agora.xtec.cat\/ceip-molidevent\/wp-json\/wp\/v2\/comments?post=191"}],"version-history":[{"count":1,"href":"https:\/\/agora.xtec.cat\/ceip-molidevent\/wp-json\/wp\/v2\/posts\/191\/revisions"}],"predecessor-version":[{"id":676,"href":"https:\/\/agora.xtec.cat\/ceip-molidevent\/wp-json\/wp\/v2\/posts\/191\/revisions\/676"}],"wp:attachment":[{"href":"https:\/\/agora.xtec.cat\/ceip-molidevent\/wp-json\/wp\/v2\/media?parent=191"}],"wp:term":[{"taxonomy":"category","embeddable":true,"href":"https:\/\/agora.xtec.cat\/ceip-molidevent\/wp-json\/wp\/v2\/categories?post=191"},{"taxonomy":"post_tag","embeddable":true,"href":"https:\/\/agora.xtec.cat\/ceip-molidevent\/wp-json\/wp\/v2\/tags?post=191"}],"curies":[{"name":"wp","href":"https:\/\/api.w.org\/{rel}","templated":true}]}}