{"id":1903,"date":"2016-11-04T12:57:29","date_gmt":"2016-11-04T11:57:29","guid":{"rendered":"http:\/\/agora.xtec.cat\/ceip-molidevent\/?p=1903"},"modified":"2020-09-18T15:35:59","modified_gmt":"2020-09-18T13:35:59","slug":"6e-arros-de-cementiri","status":"publish","type":"post","link":"https:\/\/agora.xtec.cat\/ceip-molidevent\/primaria\/6e-arros-de-cementiri\/","title":{"rendered":"6\u00e8: Arr\u00f2s de cementiri"},"content":{"rendered":"<p>El passat divendres 21 i dimecres 26 d\u2019octubre els alumnes de 6\u00e8 vam realitzar una activitat d\u2019animaci\u00f3 a la lectura sobre els diferents contes de por i terror que podem trobar a la biblioteca de l\u2019escola i del poble.<\/p>\n<p>Per acabar l\u2019activitat, com elaborar una \u201csopa d\u2019arr\u00f2s de cementiri\u201d , on vam poder cuinar i fer desapar\u00e8ixer les pors individuals de cadasc\u00fa, que pr\u00e8viament hav\u00edem comentat amb els companys.<\/p>\n<p>&nbsp;<\/p>\n<p><a href=\"https:\/\/drive.google.com\/open?id=0BzX0h-jFxfu9LVJEMENBa05uclE\"><img loading=\"lazy\" decoding=\"async\" class=\"size-medium wp-image-1912 alignleft\" src=\"http:\/\/agora.xtec.cat\/ceip-molidevent\/wp-content\/uploads\/usu1187\/2016\/11\/Captura-2-300x226.png\" alt=\"captura\" width=\"300\" height=\"226\" srcset=\"https:\/\/agora.xtec.cat\/ceip-molidevent\/wp-content\/uploads\/usu1187\/2016\/11\/Captura-2-300x226.png 300w, https:\/\/agora.xtec.cat\/ceip-molidevent\/wp-content\/uploads\/usu1187\/2016\/11\/Captura-2-200x150.png 200w, https:\/\/agora.xtec.cat\/ceip-molidevent\/wp-content\/uploads\/usu1187\/2016\/11\/Captura-2.png 577w\" sizes=\"auto, (max-width: 300px) 100vw, 300px\" \/><\/a><\/p>\n<p><a href=\"https:\/\/drive.google.com\/open?id=0B9oLJG7ZRdNyb3BkSENqcC1laEE\"><img loading=\"lazy\" decoding=\"async\" class=\"size-medium wp-image-1911 alignleft\" src=\"http:\/\/agora.xtec.cat\/ceip-molidevent\/wp-content\/uploads\/usu1187\/2016\/11\/Captura-1-300x169.png\" alt=\"captura\" width=\"300\" height=\"169\" srcset=\"https:\/\/agora.xtec.cat\/ceip-molidevent\/wp-content\/uploads\/usu1187\/2016\/11\/Captura-1-300x169.png 300w, https:\/\/agora.xtec.cat\/ceip-molidevent\/wp-content\/uploads\/usu1187\/2016\/11\/Captura-1.png 618w\" sizes=\"auto, (max-width: 300px) 100vw, 300px\" \/><\/a><\/p>\n<p>&nbsp;<\/p>\n","protected":false},"excerpt":{"rendered":"<p>El passat divendres 21 i dimecres 26 d\u2019octubre els alumnes de 6\u00e8 vam realitzar una activitat d\u2019animaci\u00f3 a la lectura sobre els diferents contes de por i terror que podem trobar a la biblioteca de l\u2019escola i del poble.<br \/>\nPer acabar l\u2019activitat, com elaborar una \u201csopa&hellip;  <a href=\"https:\/\/agora.xtec.cat\/ceip-molidevent\/primaria\/6e-arros-de-cementiri\/\" title=\"Read 6\u00e8: Arr\u00f2s de cementiri\">Llegeix m\u00e9s\u00bb<\/a><\/p>\n","protected":false},"author":1,"featured_media":1912,"comment_status":"closed","ping_status":"open","sticky":false,"template":"","format":"standard","meta":{"_bbp_topic_count":0,"_bbp_reply_count":0,"_bbp_total_topic_count":0,"_bbp_total_reply_count":0,"_bbp_voice_count":0,"_bbp_anonymous_reply_count":0,"_bbp_topic_count_hidden":0,"_bbp_reply_count_hidden":0,"_bbp_forum_subforum_count":0,"footnotes":""},"categories":[96,15,24,5,26],"tags":[],"class_list":["post-1903","post","type-post","status-publish","format-standard","has-post-thumbnail","hentry","category-16-17","category-6e","category-biblioteca","category-primaria","category-cicle-superior"],"post_mailing_queue_ids":[],"_links":{"self":[{"href":"https:\/\/agora.xtec.cat\/ceip-molidevent\/wp-json\/wp\/v2\/posts\/1903","targetHints":{"allow":["GET"]}}],"collection":[{"href":"https:\/\/agora.xtec.cat\/ceip-molidevent\/wp-json\/wp\/v2\/posts"}],"about":[{"href":"https:\/\/agora.xtec.cat\/ceip-molidevent\/wp-json\/wp\/v2\/types\/post"}],"author":[{"embeddable":true,"href":"https:\/\/agora.xtec.cat\/ceip-molidevent\/wp-json\/wp\/v2\/users\/1"}],"replies":[{"embeddable":true,"href":"https:\/\/agora.xtec.cat\/ceip-molidevent\/wp-json\/wp\/v2\/comments?post=1903"}],"version-history":[{"count":3,"href":"https:\/\/agora.xtec.cat\/ceip-molidevent\/wp-json\/wp\/v2\/posts\/1903\/revisions"}],"predecessor-version":[{"id":1913,"href":"https:\/\/agora.xtec.cat\/ceip-molidevent\/wp-json\/wp\/v2\/posts\/1903\/revisions\/1913"}],"wp:featuredmedia":[{"embeddable":true,"href":"https:\/\/agora.xtec.cat\/ceip-molidevent\/wp-json\/wp\/v2\/media\/1912"}],"wp:attachment":[{"href":"https:\/\/agora.xtec.cat\/ceip-molidevent\/wp-json\/wp\/v2\/media?parent=1903"}],"wp:term":[{"taxonomy":"category","embeddable":true,"href":"https:\/\/agora.xtec.cat\/ceip-molidevent\/wp-json\/wp\/v2\/categories?post=1903"},{"taxonomy":"post_tag","embeddable":true,"href":"https:\/\/agora.xtec.cat\/ceip-molidevent\/wp-json\/wp\/v2\/tags?post=1903"}],"curies":[{"name":"wp","href":"https:\/\/api.w.org\/{rel}","templated":true}]}}