{"id":1763,"date":"2016-06-29T08:21:54","date_gmt":"2016-06-29T07:21:54","guid":{"rendered":"http:\/\/agora.xtec.cat\/ceip-molidevent\/?p=1763"},"modified":"2016-09-01T09:34:48","modified_gmt":"2016-09-01T08:34:48","slug":"activitats-estiu-6e","status":"publish","type":"post","link":"https:\/\/agora.xtec.cat\/ceip-molidevent\/general\/activitats-estiu-6e\/","title":{"rendered":"ACTIVITATS ESTIU 6\u00e8"},"content":{"rendered":"<p><strong>Els alumnes que estan matriculats l\u2019IES Ramon de la Torre, hauran de presentar aquestes activitats el primer dia de classe.<\/strong><\/p>\n<p><strong>Els alumnes matriculats l\u2019IES Torredembarra, podran presentar volunt\u00e0riament\u00a0 aquestes activitats el primer dia de classe.<\/strong><\/p>\n<p><span style=\"color: #ff6600;\"><strong>LLENGUA CATALANA , CASTELLANA I ANGLESA<\/strong><\/span><\/p>\n<p>\u201cEl meu diari personal d\u2019aquest estiu\u201d.<\/p>\n<p>En una llibreta petita, tamany \u00bd quartilla aproximadament, escriureu les viv\u00e8ncies di\u00e0ries . A m\u00e9s d\u2019escriure-hi, podreu enganxar-hi fotografies, fer il\u00b7lustracions, afegir el tiquets\u00a0 d\u2019entrades de museus, parcs&#8230;. Tamb\u00e9 la podeu folrar i decorar, personalitzar al vostre gust.<\/p>\n<p>Seria convenient alternar les tres lleng\u00fces.<\/p>\n<p>Aquest treball l\u2019haureu de presentar el primer dia de classe.<\/p>\n<p><span style=\"color: #ff0000;\"><strong>LECTURA DE LLIBRES DURANT L\u2019ESTIU<\/strong><\/span><\/p>\n<p>Dels llibres que anireu llegint durant el per\u00edode estiuenc , haureu de prepara per escrit la vostra opini\u00f3 de cadascun d\u2019ells i la recomanaci\u00f3 que en far\u00edeu als companys.<\/p>\n<p>Aquest treball l\u2019haureu de presentar el primer dia de classe.<\/p>\n<p><span style=\"color: #800080;\"><strong>MATEM\u00c0TIQUES<\/strong><\/span><\/p>\n<p>En aquestes p\u00e0gines trobareu activitats i jocs matem\u00e0tics per repassar els conceptes treballats durant el curs.<\/p>\n<p>Seria convenient que di\u00e0riament realitzeu una de les activitats de cada categoria.<\/p>\n<p><a href=\"http:\/\/joanmanelnavarro.blogspot.com.es\/2012\/04\/competencies-basiques-matematiques-6e.html\" rel=\"attachment wp-att-1764\"><img loading=\"lazy\" decoding=\"async\" class=\"aligncenter size-medium wp-image-1764\" src=\"http:\/\/agora.xtec.cat\/ceip-molidevent\/wp-content\/uploads\/usu1187\/2016\/06\/6-300x199.png\" alt=\"6\" width=\"300\" height=\"199\" \/><\/a><\/p>\n<p>&nbsp;<\/p>\n<h3>\u00a0\u00a0\u00a0\u00a0\u00a0\u00a0\u00a0\u00a0\u00a0\u00a0\u00a0\u00a0<span style=\"color: #99cc00;\"> Bon estiu! \u00a0Les tutores de Cicle Superior<\/span>.<\/h3>\n","protected":false},"excerpt":{"rendered":"<p>Els alumnes que estan matriculats l\u2019IES Ramon de la Torre, hauran de presentar aquestes activitats el primer dia de classe.<br \/>\nEls alumnes matriculats l\u2019IES Torredembarra, podran presentar volunt\u00e0riament\u00a0 aquestes activitats el primer dia de classe.<br \/>\nLLENGUA CATALANA , CASTELLANA I ANGLESA<br \/>\n\u201cEl meu diari personal d\u2019aquest estiu\u201d.<br \/>\nEn una&hellip;  <a href=\"https:\/\/agora.xtec.cat\/ceip-molidevent\/general\/activitats-estiu-6e\/\" title=\"Read ACTIVITATS ESTIU 6\u00e8\">Llegeix m\u00e9s\u00bb<\/a><\/p>\n","protected":false},"author":1,"featured_media":1764,"comment_status":"open","ping_status":"open","sticky":false,"template":"","format":"standard","meta":{"_bbp_topic_count":0,"_bbp_reply_count":0,"_bbp_total_topic_count":0,"_bbp_total_reply_count":0,"_bbp_voice_count":0,"_bbp_anonymous_reply_count":0,"_bbp_topic_count_hidden":0,"_bbp_reply_count_hidden":0,"_bbp_forum_subforum_count":0,"footnotes":""},"categories":[66,15,1,5,26],"tags":[],"class_list":["post-1763","post","type-post","status-publish","format-standard","has-post-thumbnail","hentry","category-15-16","category-6e","category-general","category-primaria","category-cicle-superior"],"post_mailing_queue_ids":[],"_links":{"self":[{"href":"https:\/\/agora.xtec.cat\/ceip-molidevent\/wp-json\/wp\/v2\/posts\/1763","targetHints":{"allow":["GET"]}}],"collection":[{"href":"https:\/\/agora.xtec.cat\/ceip-molidevent\/wp-json\/wp\/v2\/posts"}],"about":[{"href":"https:\/\/agora.xtec.cat\/ceip-molidevent\/wp-json\/wp\/v2\/types\/post"}],"author":[{"embeddable":true,"href":"https:\/\/agora.xtec.cat\/ceip-molidevent\/wp-json\/wp\/v2\/users\/1"}],"replies":[{"embeddable":true,"href":"https:\/\/agora.xtec.cat\/ceip-molidevent\/wp-json\/wp\/v2\/comments?post=1763"}],"version-history":[{"count":1,"href":"https:\/\/agora.xtec.cat\/ceip-molidevent\/wp-json\/wp\/v2\/posts\/1763\/revisions"}],"predecessor-version":[{"id":1765,"href":"https:\/\/agora.xtec.cat\/ceip-molidevent\/wp-json\/wp\/v2\/posts\/1763\/revisions\/1765"}],"wp:featuredmedia":[{"embeddable":true,"href":"https:\/\/agora.xtec.cat\/ceip-molidevent\/wp-json\/wp\/v2\/media\/1764"}],"wp:attachment":[{"href":"https:\/\/agora.xtec.cat\/ceip-molidevent\/wp-json\/wp\/v2\/media?parent=1763"}],"wp:term":[{"taxonomy":"category","embeddable":true,"href":"https:\/\/agora.xtec.cat\/ceip-molidevent\/wp-json\/wp\/v2\/categories?post=1763"},{"taxonomy":"post_tag","embeddable":true,"href":"https:\/\/agora.xtec.cat\/ceip-molidevent\/wp-json\/wp\/v2\/tags?post=1763"}],"curies":[{"name":"wp","href":"https:\/\/api.w.org\/{rel}","templated":true}]}}