{"id":1755,"date":"2016-06-29T08:16:18","date_gmt":"2016-06-29T07:16:18","guid":{"rendered":"http:\/\/agora.xtec.cat\/ceip-molidevent\/?p=1755"},"modified":"2016-09-01T09:34:59","modified_gmt":"2016-09-01T08:34:59","slug":"activitats-estiu-5e","status":"publish","type":"post","link":"https:\/\/agora.xtec.cat\/ceip-molidevent\/primaria\/activitats-estiu-5e\/","title":{"rendered":"ACTIVITATS ESTIU 5\u00e8"},"content":{"rendered":"<p><span style=\"color: #993300;\"><strong>LLENGUA CATALANA , CASTELLANA I ANGLESA<\/strong><\/span><\/p>\n<p>\u201cEl meu diari personal d\u2019aquest estiu\u201d.<\/p>\n<p>En una llibreta petita, tamany \u00bd quartilla aproximadament, escriureu les viv\u00e8ncies di\u00e0ries . A m\u00e9s d\u2019escriure-hi, podreu enganxar-hi fotografies, fer il\u00b7lustracions, afegir el tiquets\u00a0 d\u2019entrades de museus, parcs&#8230;. Tamb\u00e9 la podeu folrar i decorar, personalitzar al vostre gust.<\/p>\n<p>Seria convenient alternar les tres lleng\u00fces.<\/p>\n<p>Aquest treball l\u2019haureu de presentar el primer dia de classe.<\/p>\n<p><span style=\"color: #ff00ff;\"><strong>LECTURA DE LLIBRES DURANT L\u2019ESTIU<\/strong><\/span><\/p>\n<p>Dels llibres que anireu llegint durant el per\u00edode estiuenc , haureu de prepara per escrit la vostra opini\u00f3 de cadascun d\u2019ells i la recomanaci\u00f3 que en far\u00edeu als companys.<\/p>\n<p>Aquest treball l\u2019haureu de presentar el primer dia de classe.<\/p>\n<p><span style=\"color: #993366;\"><strong>MATEM\u00c0TIQUES<\/strong><\/span><\/p>\n<p>En aquestes p\u00e0gines trobareu activitats i jocs matem\u00e0tics per repassar els conceptes treballats durant el curs.<\/p>\n<p><a href=\"http:\/\/www.primaria.ieduca.caib.es\/index.php?option=com_k2&amp;view=itemlist&amp;layout=category&amp;Itemid=6\" target=\"_blank\"><img loading=\"lazy\" decoding=\"async\" class=\"aligncenter wp-image-1758 size-thumbnail\" src=\"http:\/\/agora.xtec.cat\/ceip-molidevent\/wp-content\/uploads\/usu1187\/2016\/06\/IEDUCA-150x150.png\" alt=\"IEDUCA\" width=\"150\" height=\"150\" \/><\/a><\/p>\n<p>Seria convenient que di\u00e0riament realitzeu una de les activitats de cada categoria.<\/p>\n<p><a href=\"http:\/\/www.primaria.ieduca.caib.es\/index.php?option=com_k2&amp;view=itemlist&amp;layout=category&amp;task=category&amp;id=41&amp;Itemid=151\" target=\"_blank\"><img loading=\"lazy\" decoding=\"async\" class=\"aligncenter wp-image-1760 size-full\" src=\"http:\/\/agora.xtec.cat\/ceip-molidevent\/wp-content\/uploads\/usu1187\/2016\/06\/NOMBRES.png\" alt=\"NOMBRES\" width=\"298\" height=\"77\" \/><\/a> <a href=\"http:\/\/www.primaria.ieduca.caib.es\/index.php?option=com_k2&amp;view=itemlist&amp;layout=category&amp;task=category&amp;id=42&amp;Itemid=152\" target=\"_blank\"><img loading=\"lazy\" decoding=\"async\" class=\"aligncenter wp-image-1759 size-full\" src=\"http:\/\/agora.xtec.cat\/ceip-molidevent\/wp-content\/uploads\/usu1187\/2016\/06\/MESURA.png\" alt=\"MESURA\" width=\"156\" height=\"77\" \/><\/a> <a href=\"http:\/\/www.primaria.ieduca.caib.es\/index.php?option=com_k2&amp;view=itemlist&amp;layout=category&amp;task=category&amp;id=43&amp;Itemid=153\" target=\"_blank\"><img loading=\"lazy\" decoding=\"async\" class=\"aligncenter wp-image-1757 size-full\" src=\"http:\/\/agora.xtec.cat\/ceip-molidevent\/wp-content\/uploads\/usu1187\/2016\/06\/GEOMETRIA.png\" alt=\"GEOMETRIA\" width=\"148\" height=\"77\" \/><\/a> <a href=\"http:\/\/www.primaria.ieduca.caib.es\/index.php?option=com_k2&amp;view=itemlist&amp;layout=category&amp;task=category&amp;id=44&amp;Itemid=154\" target=\"_blank\"><img loading=\"lazy\" decoding=\"async\" class=\"aligncenter wp-image-1756 size-medium\" src=\"http:\/\/agora.xtec.cat\/ceip-molidevent\/wp-content\/uploads\/usu1187\/2016\/06\/ATZAR-300x57.png\" alt=\"ATZAR\" width=\"300\" height=\"57\" srcset=\"https:\/\/agora.xtec.cat\/ceip-molidevent\/wp-content\/uploads\/usu1187\/2016\/06\/ATZAR-300x57.png 300w, https:\/\/agora.xtec.cat\/ceip-molidevent\/wp-content\/uploads\/usu1187\/2016\/06\/ATZAR.png 403w\" sizes=\"auto, (max-width: 300px) 100vw, 300px\" \/><\/a><\/p>\n<h3><span style=\"color: #ffff00;\"><span style=\"color: #339966;\">Bon estiu! \u00a0<\/span><span style=\"font-family: inherit; font-size: 1em; line-height: 1.6;\"><span style=\"color: #339966;\">Les tutores de Cicle Superior.<\/span>\u00a0<\/span><\/span><\/h3>\n<p>&nbsp;<\/p>\n<p>&nbsp;<\/p>\n","protected":false},"excerpt":{"rendered":"<p>LLENGUA CATALANA , CASTELLANA I ANGLESA<br \/>\n\u201cEl meu diari personal d\u2019aquest estiu\u201d.<br \/>\nEn una llibreta petita, tamany \u00bd quartilla aproximadament, escriureu les viv\u00e8ncies di\u00e0ries . A m\u00e9s d\u2019escriure-hi, podreu enganxar-hi fotografies, fer il\u00b7lustracions, afegir el tiquets\u00a0 d\u2019entrades de museus, parcs&#8230;. Tamb\u00e9 la podeu folrar i decorar, personalitzar&hellip;  <a href=\"https:\/\/agora.xtec.cat\/ceip-molidevent\/primaria\/activitats-estiu-5e\/\" title=\"Read ACTIVITATS ESTIU 5\u00e8\">Llegeix m\u00e9s\u00bb<\/a><\/p>\n","protected":false},"author":1,"featured_media":1764,"comment_status":"open","ping_status":"open","sticky":false,"template":"","format":"standard","meta":{"_bbp_topic_count":0,"_bbp_reply_count":0,"_bbp_total_topic_count":0,"_bbp_total_reply_count":0,"_bbp_voice_count":0,"_bbp_anonymous_reply_count":0,"_bbp_topic_count_hidden":0,"_bbp_reply_count_hidden":0,"_bbp_forum_subforum_count":0,"footnotes":""},"categories":[66,14,5,26],"tags":[],"class_list":["post-1755","post","type-post","status-publish","format-standard","has-post-thumbnail","hentry","category-15-16","category-5e","category-primaria","category-cicle-superior"],"post_mailing_queue_ids":[],"_links":{"self":[{"href":"https:\/\/agora.xtec.cat\/ceip-molidevent\/wp-json\/wp\/v2\/posts\/1755","targetHints":{"allow":["GET"]}}],"collection":[{"href":"https:\/\/agora.xtec.cat\/ceip-molidevent\/wp-json\/wp\/v2\/posts"}],"about":[{"href":"https:\/\/agora.xtec.cat\/ceip-molidevent\/wp-json\/wp\/v2\/types\/post"}],"author":[{"embeddable":true,"href":"https:\/\/agora.xtec.cat\/ceip-molidevent\/wp-json\/wp\/v2\/users\/1"}],"replies":[{"embeddable":true,"href":"https:\/\/agora.xtec.cat\/ceip-molidevent\/wp-json\/wp\/v2\/comments?post=1755"}],"version-history":[{"count":2,"href":"https:\/\/agora.xtec.cat\/ceip-molidevent\/wp-json\/wp\/v2\/posts\/1755\/revisions"}],"predecessor-version":[{"id":1766,"href":"https:\/\/agora.xtec.cat\/ceip-molidevent\/wp-json\/wp\/v2\/posts\/1755\/revisions\/1766"}],"wp:featuredmedia":[{"embeddable":true,"href":"https:\/\/agora.xtec.cat\/ceip-molidevent\/wp-json\/wp\/v2\/media\/1764"}],"wp:attachment":[{"href":"https:\/\/agora.xtec.cat\/ceip-molidevent\/wp-json\/wp\/v2\/media?parent=1755"}],"wp:term":[{"taxonomy":"category","embeddable":true,"href":"https:\/\/agora.xtec.cat\/ceip-molidevent\/wp-json\/wp\/v2\/categories?post=1755"},{"taxonomy":"post_tag","embeddable":true,"href":"https:\/\/agora.xtec.cat\/ceip-molidevent\/wp-json\/wp\/v2\/tags?post=1755"}],"curies":[{"name":"wp","href":"https:\/\/api.w.org\/{rel}","templated":true}]}}