{"id":1703,"date":"2016-06-06T08:38:30","date_gmt":"2016-06-06T07:38:30","guid":{"rendered":"http:\/\/agora.xtec.cat\/ceip-molidevent\/?p=1703"},"modified":"2016-09-01T09:36:51","modified_gmt":"2016-09-01T08:36:51","slug":"acte-de-cloenda-del-pla-educatiu-dentorn","status":"publish","type":"post","link":"https:\/\/agora.xtec.cat\/ceip-molidevent\/general\/acte-de-cloenda-del-pla-educatiu-dentorn\/","title":{"rendered":"ACTE DE CLOENDA DEL PLA EDUCATIU D&#8217;ENTORN"},"content":{"rendered":"<p>El passat divendres dia 3, es va celebrar l&#8217;acte de cloenda del Pla Educatiu d&#8217;Entorn de la nostra localitat..<\/p>\n<p>Un grup de nens de 6\u00e8 de la nostra escola \u00a0va llegir un fragment del text teatral &#8220;El xisclet de Caldes&#8221; de l&#8217;autor Albert Mestres.<\/p>\n<p><a href=\"http:\/\/agora.xtec.cat\/ceip-molidevent\/wp-content\/uploads\/usu1187\/2016\/06\/IMG_2302.jpg\" rel=\"attachment wp-att-1704\"><img loading=\"lazy\" decoding=\"async\" class=\"aligncenter wp-image-1704\" src=\"http:\/\/agora.xtec.cat\/ceip-molidevent\/wp-content\/uploads\/usu1187\/2016\/06\/IMG_2302-1024x554.jpg\" alt=\"IMG_2302\" width=\"321\" height=\"174\" srcset=\"https:\/\/agora.xtec.cat\/ceip-molidevent\/wp-content\/uploads\/usu1187\/2016\/06\/IMG_2302-1024x554.jpg 1024w, https:\/\/agora.xtec.cat\/ceip-molidevent\/wp-content\/uploads\/usu1187\/2016\/06\/IMG_2302-300x162.jpg 300w, https:\/\/agora.xtec.cat\/ceip-molidevent\/wp-content\/uploads\/usu1187\/2016\/06\/IMG_2302-768x415.jpg 768w, https:\/\/agora.xtec.cat\/ceip-molidevent\/wp-content\/uploads\/usu1187\/2016\/06\/IMG_2302.jpg 1348w\" sizes=\"auto, (max-width: 321px) 100vw, 321px\" \/><\/a><\/p>\n<p>En acabar l&#8217;acte, es van lliurar els premis del concurs de redacci\u00f3. A la nostra escola van quedar guanyadors alumnes de segon, de quart, de cinqu\u00e8 i de sis\u00e8.<\/p>\n<p>Felicitats a tots!<\/p>\n","protected":false},"excerpt":{"rendered":"<p>El passat divendres dia 3, es va celebrar l&#8217;acte de cloenda del Pla Educatiu d&#8217;Entorn de la nostra localitat..<br \/>\nUn grup de nens de 6\u00e8 de la nostra escola \u00a0va llegir un fragment del text teatral &#8220;El xisclet de Caldes&#8221; de l&#8217;autor Albert Mestres.<br \/>\n<a href=\"http:\/\/agora.xtec.cat\/ceip-molidevent\/wp-content\/uploads\/usu1187\/2016\/06\/IMG_2302.jpg\" rel=\"attachment&hellip;  <a href=\"https:\/\/agora.xtec.cat\/ceip-molidevent\/general\/acte-de-cloenda-del-pla-educatiu-dentorn\/\" title=\"Read ACTE DE CLOENDA DEL PLA EDUCATIU D&#8217;ENTORN\">Llegeix m\u00e9s\u00bb<\/a><\/p>\n","protected":false},"author":1,"featured_media":0,"comment_status":"open","ping_status":"open","sticky":false,"template":"","format":"standard","meta":{"_bbp_topic_count":0,"_bbp_reply_count":0,"_bbp_total_topic_count":0,"_bbp_total_reply_count":0,"_bbp_voice_count":0,"_bbp_anonymous_reply_count":0,"_bbp_topic_count_hidden":0,"_bbp_reply_count_hidden":0,"_bbp_forum_subforum_count":0,"footnotes":""},"categories":[66,1,5,26],"tags":[],"class_list":["post-1703","post","type-post","status-publish","format-standard","hentry","category-15-16","category-general","category-primaria","category-cicle-superior"],"post_mailing_queue_ids":[],"_links":{"self":[{"href":"https:\/\/agora.xtec.cat\/ceip-molidevent\/wp-json\/wp\/v2\/posts\/1703","targetHints":{"allow":["GET"]}}],"collection":[{"href":"https:\/\/agora.xtec.cat\/ceip-molidevent\/wp-json\/wp\/v2\/posts"}],"about":[{"href":"https:\/\/agora.xtec.cat\/ceip-molidevent\/wp-json\/wp\/v2\/types\/post"}],"author":[{"embeddable":true,"href":"https:\/\/agora.xtec.cat\/ceip-molidevent\/wp-json\/wp\/v2\/users\/1"}],"replies":[{"embeddable":true,"href":"https:\/\/agora.xtec.cat\/ceip-molidevent\/wp-json\/wp\/v2\/comments?post=1703"}],"version-history":[{"count":3,"href":"https:\/\/agora.xtec.cat\/ceip-molidevent\/wp-json\/wp\/v2\/posts\/1703\/revisions"}],"predecessor-version":[{"id":1707,"href":"https:\/\/agora.xtec.cat\/ceip-molidevent\/wp-json\/wp\/v2\/posts\/1703\/revisions\/1707"}],"wp:attachment":[{"href":"https:\/\/agora.xtec.cat\/ceip-molidevent\/wp-json\/wp\/v2\/media?parent=1703"}],"wp:term":[{"taxonomy":"category","embeddable":true,"href":"https:\/\/agora.xtec.cat\/ceip-molidevent\/wp-json\/wp\/v2\/categories?post=1703"},{"taxonomy":"post_tag","embeddable":true,"href":"https:\/\/agora.xtec.cat\/ceip-molidevent\/wp-json\/wp\/v2\/tags?post=1703"}],"curies":[{"name":"wp","href":"https:\/\/api.w.org\/{rel}","templated":true}]}}