{"id":1692,"date":"2016-06-02T14:41:40","date_gmt":"2016-06-02T13:41:40","guid":{"rendered":"http:\/\/agora.xtec.cat\/ceip-molidevent\/?p=1692"},"modified":"2016-09-01T09:37:06","modified_gmt":"2016-09-01T08:37:06","slug":"pluja-de-sons","status":"publish","type":"post","link":"https:\/\/agora.xtec.cat\/ceip-molidevent\/general\/pluja-de-sons\/","title":{"rendered":"PLUJA DE SONS"},"content":{"rendered":"<p>El proper deu de juny l&#8217;escola s&#8217;omplir\u00e0 de m\u00fasica per reivindicar la import\u00e0ncia de la m\u00fasica. Es tracta d&#8217;una proposta que ens arriba del Camp d&#8217;Aprenentatge Pau Casals i a la qual s&#8217;han adherit m\u00e9s de 250 centres educatius de Catalunya. A la mateixa hora, ballarem i cantarem la can\u00e7\u00f3 escrita per David Melgar i pel torrenc Gibert d&#8217;Artze &#8220;D\u00f3na la nota&#8221;. Si voleu anar assajant aqu\u00ed teniu el web amb tot el material: <a href=\"http:\/\/www.cdapaucasals.com\/donalanota2016\/\" target=\"_blank\">\u00a0http:\/\/www.cdapaucasals.com\/donalanota2016\/<\/a><\/p>\n<p><a href=\"http:\/\/agora.xtec.cat\/ceip-molidevent\/wp-content\/uploads\/usu1187\/2016\/06\/1.png\"><img loading=\"lazy\" decoding=\"async\" class=\" size-full wp-image-1694 alignleft\" src=\"http:\/\/agora.xtec.cat\/ceip-molidevent\/wp-content\/uploads\/usu1187\/2016\/06\/1.png\" alt=\"1\" width=\"251\" height=\"123\" \/><\/a><\/p>\n<p><a href=\"http:\/\/agora.xtec.cat\/ceip-molidevent\/wp-content\/uploads\/usu1187\/2016\/06\/Captura1.png\"><img loading=\"lazy\" decoding=\"async\" class=\"aligncenter size-full wp-image-1695\" src=\"http:\/\/agora.xtec.cat\/ceip-molidevent\/wp-content\/uploads\/usu1187\/2016\/06\/Captura1.png\" alt=\"Captura\" width=\"190\" height=\"156\" \/><\/a><\/p>\n","protected":false},"excerpt":{"rendered":"<p>El proper deu de juny l&#8217;escola s&#8217;omplir\u00e0 de m\u00fasica per reivindicar la import\u00e0ncia de la m\u00fasica. Es tracta d&#8217;una proposta que ens arriba del Camp d&#8217;Aprenentatge Pau Casals i a la qual s&#8217;han adherit m\u00e9s de 250 centres educatius de Catalunya. A la mateixa hora,&hellip;  <a href=\"https:\/\/agora.xtec.cat\/ceip-molidevent\/general\/pluja-de-sons\/\" title=\"Read PLUJA DE SONS\">Llegeix m\u00e9s\u00bb<\/a><\/p>\n","protected":false},"author":1,"featured_media":0,"comment_status":"open","ping_status":"open","sticky":false,"template":"","format":"standard","meta":{"_bbp_topic_count":0,"_bbp_reply_count":0,"_bbp_total_topic_count":0,"_bbp_total_reply_count":0,"_bbp_voice_count":0,"_bbp_anonymous_reply_count":0,"_bbp_topic_count_hidden":0,"_bbp_reply_count_hidden":0,"_bbp_forum_subforum_count":0,"footnotes":""},"categories":[66,1,68,5],"tags":[69,70],"class_list":["post-1692","post","type-post","status-publish","format-standard","hentry","category-15-16","category-general","category-musica","category-primaria","tag-activitats","tag-musica"],"post_mailing_queue_ids":[],"_links":{"self":[{"href":"https:\/\/agora.xtec.cat\/ceip-molidevent\/wp-json\/wp\/v2\/posts\/1692","targetHints":{"allow":["GET"]}}],"collection":[{"href":"https:\/\/agora.xtec.cat\/ceip-molidevent\/wp-json\/wp\/v2\/posts"}],"about":[{"href":"https:\/\/agora.xtec.cat\/ceip-molidevent\/wp-json\/wp\/v2\/types\/post"}],"author":[{"embeddable":true,"href":"https:\/\/agora.xtec.cat\/ceip-molidevent\/wp-json\/wp\/v2\/users\/1"}],"replies":[{"embeddable":true,"href":"https:\/\/agora.xtec.cat\/ceip-molidevent\/wp-json\/wp\/v2\/comments?post=1692"}],"version-history":[{"count":3,"href":"https:\/\/agora.xtec.cat\/ceip-molidevent\/wp-json\/wp\/v2\/posts\/1692\/revisions"}],"predecessor-version":[{"id":1699,"href":"https:\/\/agora.xtec.cat\/ceip-molidevent\/wp-json\/wp\/v2\/posts\/1692\/revisions\/1699"}],"wp:attachment":[{"href":"https:\/\/agora.xtec.cat\/ceip-molidevent\/wp-json\/wp\/v2\/media?parent=1692"}],"wp:term":[{"taxonomy":"category","embeddable":true,"href":"https:\/\/agora.xtec.cat\/ceip-molidevent\/wp-json\/wp\/v2\/categories?post=1692"},{"taxonomy":"post_tag","embeddable":true,"href":"https:\/\/agora.xtec.cat\/ceip-molidevent\/wp-json\/wp\/v2\/tags?post=1692"}],"curies":[{"name":"wp","href":"https:\/\/api.w.org\/{rel}","templated":true}]}}